{"id":226234,"date":"2022-08-31T15:58:22","date_gmt":"2022-08-31T13:58:22","guid":{"rendered":"https:\/\/www.cronacaonline.it\/?p=226234"},"modified":"2022-08-31T15:58:24","modified_gmt":"2022-08-31T13:58:24","slug":"villa-san-pietro-impegno-per-adeguare-lo-svincolo-dalla-nuova-195-al-centro-abitato","status":"publish","type":"post","link":"https:\/\/www.cronacaonline.it\/index.php\/2022\/08\/31\/villa-san-pietro-impegno-per-adeguare-lo-svincolo-dalla-nuova-195-al-centro-abitato\/","title":{"rendered":"Villa San Pietro, impegno per adeguare lo svincolo dalla nuova 195 al centro abitato."},"content":{"rendered":"\n<p>Cagliari, 31 Ago 2022 \u2013\u00a0Impegno di Regione e Anas per verificare la possibilit\u00e0 di adeguamento del tratto di collegamento tra la nuova 195 e l\u2019ingresso di Villa San Pietro, con un allargamento della carreggiata. \u00c8 l\u2019esito dell\u2019incontro avvenuto questa mattina nella sede del Comune di Villa San Pietro, al quale hanno partecipato oltre all\u2019Assessore dei Lavori Pubblici, Aldo Salaris, i rappresentanti di Anas e dell\u2019Amministrazione comunale. All\u2019incontro di carattere istituzionale ha fatto seguito un sopralluogo nel corso del quale sono state analizzate le criticit\u00e0 e ipotizzate le possibili soluzioni. Gi\u00e0 la prossima settimana Anas effettuer\u00e0 un sopralluogo tecnico.\u00a0<\/p>\n\n\n\n<p>&nbsp;\u201cSi tratta di un intervento che consentir\u00e0 la percorrenza della strada (il tratto interessato \u00e8 lungo 200 metri) in sicurezza \u2013 spiega l\u2019Assessore Salaris - Nel corso dell\u2019incontro abbiamo recepito le richieste del Comune, l\u2019Anas ha dato disponibilit\u00e0 per effettuare tutte le verifiche utili a effettuare i lavori fino allo svincolo, andando cos\u00ec incontro alle esigenze dei residenti\u201d. Nel tratto di strada interessato al momento non possono transitare due auto contemporaneamente dato che ci si pu\u00f2 immettere nel centro abitato esclusivamente attraverso una strada a una corsia non illuminata. Una situazione che non garantisce gli standard minimi di sicurezza, davanti alla quale Regione e Anas hanno garantito massima collaborazione per arrivare quanto prima a una soluzione. Com<\/p>\n","protected":false},"excerpt":{"rendered":"<p>Cagliari, 31 Ago 2022 \u2013\u00a0Impegno di Regione e Anas per verificare la possibilit\u00e0 di adeguamento del tratto di collegamento tra la nuova 195 e l\u2019ingresso&#8230;<\/p>\n","protected":false},"author":2,"featured_media":226237,"comment_status":"closed","ping_status":"open","sticky":false,"template":"","format":"standard","meta":[],"categories":[49,52],"tags":[],"_links":{"self":[{"href":"https:\/\/www.cronacaonline.it\/index.php\/wp-json\/wp\/v2\/posts\/226234"}],"collection":[{"href":"https:\/\/www.cronacaonline.it\/index.php\/wp-json\/wp\/v2\/posts"}],"about":[{"href":"https:\/\/www.cronacaonline.it\/index.php\/wp-json\/wp\/v2\/types\/post"}],"author":[{"embeddable":true,"href":"https:\/\/www.cronacaonline.it\/index.php\/wp-json\/wp\/v2\/users\/2"}],"replies":[{"embeddable":true,"href":"https:\/\/www.cronacaonline.it\/index.php\/wp-json\/wp\/v2\/comments?post=226234"}],"version-history":[{"count":1,"href":"https:\/\/www.cronacaonline.it\/index.php\/wp-json\/wp\/v2\/posts\/226234\/revisions"}],"predecessor-version":[{"id":226238,"href":"https:\/\/www.cronacaonline.it\/index.php\/wp-json\/wp\/v2\/posts\/226234\/revisions\/226238"}],"wp:featuredmedia":[{"embeddable":true,"href":"https:\/\/www.cronacaonline.it\/index.php\/wp-json\/wp\/v2\/media\/226237"}],"wp:attachment":[{"href":"https:\/\/www.cronacaonline.it\/index.php\/wp-json\/wp\/v2\/media?parent=226234"}],"wp:term":[{"taxonomy":"category","embeddable":true,"href":"https:\/\/www.cronacaonline.it\/index.php\/wp-json\/wp\/v2\/categories?post=226234"},{"taxonomy":"post_tag","embeddable":true,"href":"https:\/\/www.cronacaonline.it\/index.php\/wp-json\/wp\/v2\/tags?post=226234"}],"curies":[{"name":"wp","href":"https:\/\/api.w.org\/{rel}","templated":true}]}}