{"id":226229,"date":"2022-08-31T15:47:34","date_gmt":"2022-08-31T13:47:34","guid":{"rendered":"https:\/\/www.cronacaonline.it\/?p=226229"},"modified":"2022-08-31T15:47:37","modified_gmt":"2022-08-31T13:47:37","slug":"presentata-questa-mattina-a-cagliari-la-lista-alleanza-verdi-e-sinistra","status":"publish","type":"post","link":"https:\/\/www.cronacaonline.it\/index.php\/2022\/08\/31\/presentata-questa-mattina-a-cagliari-la-lista-alleanza-verdi-e-sinistra\/","title":{"rendered":"Presentata questa mattina a Cagliari la lista \u201cAlleanza Verdi e Sinistra\u201d."},"content":{"rendered":"\n<p>Cagliari, 31 Ago 2022 - Presentata questa mattina a Cagliari la lista\u00a0\u201cAlleanza Verdi e Sinistra\u201d, in cui convergono\u00a0Sinistra Italiana,\u00a0Europa Verde\u00a0e\u00a0Possibile\u00a0e che vede in Sardegna l\u2019adesione del\u00a0Partito Progressista\u00a0a cui fa riferimento il gruppo in Consiglio regionale dei \u201cProgressisti\u201d.<\/p>\n\n\n\n<p>I candidati al collegio proporzionale per l'elezione alla Camera dei Deputati sono&nbsp;Francesca Ghirra,&nbsp;Alessandro Mario Giuseppe Marcellino,&nbsp;Giulia Andreozzi&nbsp;e&nbsp;Roberto Uzzau. Per il Senato della Repubblica sono candidati&nbsp;Giovannico (detto Gianni) Manca,&nbsp;Laura Maria Grazia (detta Lalla) Careddu&nbsp;e&nbsp;Renzo Venturoli.<\/p>\n\n\n\n<p>Nei collegi uninominali il sostegno della lista andr\u00e0 ai candidati della coalizione del centrosinistra.<\/p>\n\n\n\n<p>Per la capolista&nbsp;Francesca Ghirra:&nbsp;\u00abIl nostro obiettivo \u00e8 portare in Parlamento le istanze della Sardegna e trovare soluzioni adeguate al dramma della disoccupazione, ai problemi della sanit\u00e0 pubblica, alla condizione dei trasporti interni ed esterni all'isola, al disastroso abbandono scolastico, alla necessit\u00e0 di promuovere nuove politiche energetiche e trovare soluzioni contro il caro bollette, immaginare nuove politiche di sviluppo per la nostra isola. I drammatici cambiamenti sociali, economici e climatici che stiamo vivendo richiedono risposte concrete e urgenti, dobbiamo riuscire, insieme, a dare gambe al principio di insularit\u00e0 evitando che diventi l'ennesimo slogan senza contenuto\u00bb.<\/p>\n\n\n\n<p>Il capolista al Senato&nbsp;Gianni Manca:&nbsp;\u00abStiamo vivendo la pi\u00f9 grave crisi energetica dopo quella degli anni '70 e c'\u00e8 chi pensa di risolvere con metodi antistorici che non hanno funzionato allora e non possono funzionare oggi\u00bb.<\/p>\n\n\n\n<p>Alla presentazione sono intervenuti anche i consiglieri regionali&nbsp;Massimo Zedda&nbsp;(presidente del Partito Progressista) e&nbsp;Francesco Agus&nbsp;(Capogruppo in Consiglio regionale): \u00abI partiti che si candidano oggi a risolvere i problemi dell\u2019Italia sono gli stessi che tre anni fa hanno ingannato i sardi alle elezioni e tengono in piedi un governo regionale imbarazzante. Il Consiglio non si riunisce da mesi e questo nonostante gli ospedali sardi stiano letteralmente cadendo a pezzi. L\u2019unica cosa che \u00e8 aumentata con la loro gestione sono i voli della speranza dei sardi costretti a curarsi in continente. \u00c8 una vergogna che oggi gli stessi partiti si presentino alle elezioni senza nemmeno chiedere scusa\u00bb.<\/p>\n\n\n\n<p>Secondo l'ex sindaco di Cagliari: \u00abDa sempre sosteniamo che l'unione delle forze della sinistra \u00e8 un bene. Partiamo dai temi e dai valori che sentiamo comuni e che la societ\u00e0 sta manifestando come prioritari: lavoro, ambiente, scuola, sanit\u00e0. Siamo pronti ad accelerare un processo di cambiamento che parte dai bisogni espressi dai giovani che in questi anni hanno manifestato al mondo il bisogno di vivere un futuro di speranza\u00bb. Com<\/p>\n","protected":false},"excerpt":{"rendered":"<p>Cagliari, 31 Ago 2022 &#8211; Presentata questa mattina a Cagliari la lista\u00a0\u201cAlleanza Verdi e Sinistra\u201d, in cui convergono\u00a0Sinistra Italiana,\u00a0Europa Verde\u00a0e\u00a0Possibile\u00a0e che vede in Sardegna l\u2019adesione&#8230;<\/p>\n","protected":false},"author":2,"featured_media":226230,"comment_status":"closed","ping_status":"open","sticky":false,"template":"","format":"standard","meta":[],"categories":[49,52],"tags":[],"_links":{"self":[{"href":"https:\/\/www.cronacaonline.it\/index.php\/wp-json\/wp\/v2\/posts\/226229"}],"collection":[{"href":"https:\/\/www.cronacaonline.it\/index.php\/wp-json\/wp\/v2\/posts"}],"about":[{"href":"https:\/\/www.cronacaonline.it\/index.php\/wp-json\/wp\/v2\/types\/post"}],"author":[{"embeddable":true,"href":"https:\/\/www.cronacaonline.it\/index.php\/wp-json\/wp\/v2\/users\/2"}],"replies":[{"embeddable":true,"href":"https:\/\/www.cronacaonline.it\/index.php\/wp-json\/wp\/v2\/comments?post=226229"}],"version-history":[{"count":1,"href":"https:\/\/www.cronacaonline.it\/index.php\/wp-json\/wp\/v2\/posts\/226229\/revisions"}],"predecessor-version":[{"id":226231,"href":"https:\/\/www.cronacaonline.it\/index.php\/wp-json\/wp\/v2\/posts\/226229\/revisions\/226231"}],"wp:featuredmedia":[{"embeddable":true,"href":"https:\/\/www.cronacaonline.it\/index.php\/wp-json\/wp\/v2\/media\/226230"}],"wp:attachment":[{"href":"https:\/\/www.cronacaonline.it\/index.php\/wp-json\/wp\/v2\/media?parent=226229"}],"wp:term":[{"taxonomy":"category","embeddable":true,"href":"https:\/\/www.cronacaonline.it\/index.php\/wp-json\/wp\/v2\/categories?post=226229"},{"taxonomy":"post_tag","embeddable":true,"href":"https:\/\/www.cronacaonline.it\/index.php\/wp-json\/wp\/v2\/tags?post=226229"}],"curies":[{"name":"wp","href":"https:\/\/api.w.org\/{rel}","templated":true}]}}