{"id":226123,"date":"2022-08-27T19:31:02","date_gmt":"2022-08-27T17:31:02","guid":{"rendered":"https:\/\/www.cronacaonline.it\/?p=226123"},"modified":"2022-08-27T19:31:06","modified_gmt":"2022-08-27T17:31:06","slug":"dove-eravamo-rimasti-dichiarazione-dellex-senatore-silvio-lai-candidato-come-capolista-in-sardegna-dal-partito-democratico","status":"publish","type":"post","link":"https:\/\/www.cronacaonline.it\/index.php\/2022\/08\/27\/dove-eravamo-rimasti-dichiarazione-dellex-senatore-silvio-lai-candidato-come-capolista-in-sardegna-dal-partito-democratico\/","title":{"rendered":"Dove eravamo rimasti? Dichiarazione dell\u2019ex Senatore Silvio Lai candidato come capolista in Sardegna dal Partito Democratico."},"content":{"rendered":"\n<p>Cagliari, 27 Ago 2022 \u2013 L\u2019ex Senatore ed ex Segretario della Regione Sardegna, Dottor Silvio Lai, in una nota afferma: \u201cA pi\u00f9 di quattro anni dalla conclusione del mio primo mandato parlamentare i Democratici mi hanno chiesto di nuovo di rappresentare le nostre comunit\u00e0 a Roma, alla Camera dei Deputati.<\/p>\n\n\n\n<p>Un grande onore che mi carica, o meglio ancora, ci carica di responsabilit\u00e0.<\/p>\n\n\n\n<p>C'\u00e8 da proseguire un lavoro che era stato ben avviato. Il lavoro in commissione bilancio a tutela dei cittadini e della nostra piccola grande comunit\u00e0 sarda, l\u2019impegno per la continuit\u00e0 aerea e navale e i trasporti in Sardegna, la tutela dei cittadini consumatori con la normativa contro le bollette ingannevoli a 28 giorni, la prima norma per l\u2019equo compenso dei giovani professionisti, avvocati, commercialisti, ingegneri e architetti, la battaglia per la verit\u00e0 con la commissione Moby Prince solo per citarne alcuni.<\/p>\n\n\n\n<p>Come ho detto tanto altro deve essere fatto per la Sardegna anche per dare corpo e sostanza a quella continuit\u00e0 territoriale che abbiamo rivendicato anche attraverso la modifica costituzionale che ha introdotto il principio di insularit\u00e0.<\/p>\n\n\n\n<p>Ci sar\u00e0, come in tutte le cose, un prima e un dopo. Prioritario oggi \u00e8 difenderci ancora dal Covid e sostenere in primis quelle imprese e quelle migliaia di famiglie che sono in forti difficolt\u00e0 economiche, anche per gli effetti di una sciagurata guerra, e che chiedono certezze per riprendere l'attivit\u00e0 e per avere una vita pi\u00f9 serena.<\/p>\n\n\n\n<p>Il governo Draghi ha fatto un buon lavoro ma c'\u00e8 da fare di pi\u00f9 per ridurre diseguaglianze, garantire giustizia sociale, rafforzare diritti, dare l'opportunit\u00e0 ai nostri giovani di non scappare all'estero e costruirsi il loro futuro.<\/p>\n\n\n\n<p>C'\u00e8 bisogno di un nuovo modello di sviluppo improntato alla qualit\u00e0 e alla sostenibilit\u00e0. Ma di questo parleremo insieme nei prossimi giorni con proposte puntuali.<\/p>\n\n\n\n<p>In questi 5 anni sono tornato al mio lavoro di medico e al mio impegno associativo nelle Acli.<\/p>\n\n\n\n<p>E nei luoghi di lavoro e di impegno ho continuato a portare il mio apporto da cittadino responsabile a favore dei pi\u00f9 fragili e di chi rischia di stare indietro. Ho sperato che non si interrompesse il lavoro ispirato dal Presidente Mattarella per tenere al sicuro l\u2019Italia dagli effetti della pandemia e della guerra nel porto sicuro dell\u2019Europa e siamo invece finiti ad un appuntamento elettorale anticipato che poteva e doveva essere evitato per il bene dei pi\u00f9 esposti alla crisi.<\/p>\n\n\n\n<p>Ma ora la scelta \u00e8 netta, tra chi vuole l\u2019Italia tra le democrazie e chi la pu\u00f2 rendere simile alle autocrazie senza libert\u00e0 e opinione pubblica. Guardare al passato e non al futuro, avere paura o avere speranza, essere egoisti o essere solidali: queste sono le scelte. Per questo bisogna combattere.<\/p>\n\n\n\n<p>Ora combatto e combattiamo per portare la voce autorevole della Sardegna nel nuovo Parlamento. Non da comprimari ma da protagonisti come dobbiamo alla gloriosa storia di sardi alle nostre spalle.<\/p>\n\n\n\n<p>Vi chiedo una mano. Vi chiedo di essere parte di questa avventura per camminare insieme perch\u00e9, come dice Papa Francesco \"Camminare \u00e8 aprire frontiere, uscire, aprire porte, cercare nuove strade. Camminare.<\/p>\n\n\n\n<p>Non stare seduti. Non installarsi, nel cattivo senso della parola. Veramente bisogna organizzare, ci sono lavori che esigono di starsene quieti, ma con l\u2019anima, con il cuore e la testa bisogna camminare, cercare\".<\/p>\n","protected":false},"excerpt":{"rendered":"<p>Cagliari, 27 Ago 2022 \u2013 L\u2019ex Senatore ed ex Segretario della Regione Sardegna, Dottor Silvio Lai, in una nota afferma: \u201cA pi\u00f9 di quattro anni&#8230;<\/p>\n","protected":false},"author":2,"featured_media":226125,"comment_status":"closed","ping_status":"open","sticky":false,"template":"","format":"standard","meta":[],"categories":[49,52],"tags":[],"_links":{"self":[{"href":"https:\/\/www.cronacaonline.it\/index.php\/wp-json\/wp\/v2\/posts\/226123"}],"collection":[{"href":"https:\/\/www.cronacaonline.it\/index.php\/wp-json\/wp\/v2\/posts"}],"about":[{"href":"https:\/\/www.cronacaonline.it\/index.php\/wp-json\/wp\/v2\/types\/post"}],"author":[{"embeddable":true,"href":"https:\/\/www.cronacaonline.it\/index.php\/wp-json\/wp\/v2\/users\/2"}],"replies":[{"embeddable":true,"href":"https:\/\/www.cronacaonline.it\/index.php\/wp-json\/wp\/v2\/comments?post=226123"}],"version-history":[{"count":1,"href":"https:\/\/www.cronacaonline.it\/index.php\/wp-json\/wp\/v2\/posts\/226123\/revisions"}],"predecessor-version":[{"id":226126,"href":"https:\/\/www.cronacaonline.it\/index.php\/wp-json\/wp\/v2\/posts\/226123\/revisions\/226126"}],"wp:featuredmedia":[{"embeddable":true,"href":"https:\/\/www.cronacaonline.it\/index.php\/wp-json\/wp\/v2\/media\/226125"}],"wp:attachment":[{"href":"https:\/\/www.cronacaonline.it\/index.php\/wp-json\/wp\/v2\/media?parent=226123"}],"wp:term":[{"taxonomy":"category","embeddable":true,"href":"https:\/\/www.cronacaonline.it\/index.php\/wp-json\/wp\/v2\/categories?post=226123"},{"taxonomy":"post_tag","embeddable":true,"href":"https:\/\/www.cronacaonline.it\/index.php\/wp-json\/wp\/v2\/tags?post=226123"}],"curies":[{"name":"wp","href":"https:\/\/api.w.org\/{rel}","templated":true}]}}