{"id":226120,"date":"2022-08-27T19:30:00","date_gmt":"2022-08-27T17:30:00","guid":{"rendered":"https:\/\/www.cronacaonline.it\/?p=226120"},"modified":"2022-08-27T19:30:03","modified_gmt":"2022-08-27T17:30:03","slug":"elezioni-politiche-del-25-settembre-prossimo-dichiarazione-del-candidato-pd-alla-camera-silvio-lai","status":"publish","type":"post","link":"https:\/\/www.cronacaonline.it\/index.php\/2022\/08\/27\/elezioni-politiche-del-25-settembre-prossimo-dichiarazione-del-candidato-pd-alla-camera-silvio-lai\/","title":{"rendered":"Elezioni politiche del 25 settembre prossimo: dichiarazione del Candidato Pd alla Camera Silvio Lai."},"content":{"rendered":"\n<p>Cagliari, 27 Ago 2022 \u2013 In una nota, il candidato alla Camera dei Deputati come capolista del Partito Democratico in Sardegna, e assieme a lui il partito ha candidato anche <a href=\"https:\/\/www.facebook.com\/romina.mura?__cft__%5b0%5d=AZUKi_IChbb63u7fSFACg5GtvNMkTcmim7eFTtrOlPa_Ubzn-ckcK6FUBvOp7B3DS12sYjrQyF9ovkiKDSuN6DNiM1CGexDSO2W0JsKVH3ey-CChEs1MH_c5zcjMO5s4WtQ&amp;__tn__=-%5dK-R\">Romina Mura<\/a>, <a href=\"https:\/\/www.facebook.com\/MariaDelZompo\/?__cft__%5b0%5d=AZUKi_IChbb63u7fSFACg5GtvNMkTcmim7eFTtrOlPa_Ubzn-ckcK6FUBvOp7B3DS12sYjrQyF9ovkiKDSuN6DNiM1CGexDSO2W0JsKVH3ey-CChEs1MH_c5zcjMO5s4WtQ&amp;__tn__=kK-R\">Maria Del Zompo<\/a>. Carla Bassu, <a href=\"https:\/\/www.facebook.com\/franca.fara?__cft__%5b0%5d=AZUKi_IChbb63u7fSFACg5GtvNMkTcmim7eFTtrOlPa_Ubzn-ckcK6FUBvOp7B3DS12sYjrQyF9ovkiKDSuN6DNiM1CGexDSO2W0JsKVH3ey-CChEs1MH_c5zcjMO5s4WtQ&amp;__tn__=-%5dK-R\">Franca Fara<\/a>, <a href=\"https:\/\/www.facebook.com\/patrizia.desole.3?__cft__%5b0%5d=AZUKi_IChbb63u7fSFACg5GtvNMkTcmim7eFTtrOlPa_Ubzn-ckcK6FUBvOp7B3DS12sYjrQyF9ovkiKDSuN6DNiM1CGexDSO2W0JsKVH3ey-CChEs1MH_c5zcjMO5s4WtQ&amp;__tn__=-%5dK-R\">Patrizia Desole<\/a>, <a href=\"https:\/\/www.facebook.com\/marcomeloni?__cft__%5b0%5d=AZUKi_IChbb63u7fSFACg5GtvNMkTcmim7eFTtrOlPa_Ubzn-ckcK6FUBvOp7B3DS12sYjrQyF9ovkiKDSuN6DNiM1CGexDSO2W0JsKVH3ey-CChEs1MH_c5zcjMO5s4WtQ&amp;__tn__=-%5dK-R\">Marco Meloni<\/a>, <a href=\"https:\/\/www.facebook.com\/andrea.frailis.94?__cft__%5b0%5d=AZUKi_IChbb63u7fSFACg5GtvNMkTcmim7eFTtrOlPa_Ubzn-ckcK6FUBvOp7B3DS12sYjrQyF9ovkiKDSuN6DNiM1CGexDSO2W0JsKVH3ey-CChEs1MH_c5zcjMO5s4WtQ&amp;__tn__=-%5dK-R\">Andrea Frailis<\/a>, <a href=\"https:\/\/www.facebook.com\/francesco.lilliu1981?__cft__%5b0%5d=AZUKi_IChbb63u7fSFACg5GtvNMkTcmim7eFTtrOlPa_Ubzn-ckcK6FUBvOp7B3DS12sYjrQyF9ovkiKDSuN6DNiM1CGexDSO2W0JsKVH3ey-CChEs1MH_c5zcjMO5s4WtQ&amp;__tn__=-%5dK-R\">Francesco Lilliu<\/a>, <a href=\"https:\/\/www.facebook.com\/gavino.manca.545?__cft__%5b0%5d=AZUKi_IChbb63u7fSFACg5GtvNMkTcmim7eFTtrOlPa_Ubzn-ckcK6FUBvOp7B3DS12sYjrQyF9ovkiKDSuN6DNiM1CGexDSO2W0JsKVH3ey-CChEs1MH_c5zcjMO5s4WtQ&amp;__tn__=-%5dK-R\">Gavino Manca<\/a> e <a href=\"https:\/\/www.facebook.com\/antonio.solinas.585?__cft__%5b0%5d=AZUKi_IChbb63u7fSFACg5GtvNMkTcmim7eFTtrOlPa_Ubzn-ckcK6FUBvOp7B3DS12sYjrQyF9ovkiKDSuN6DNiM1CGexDSO2W0JsKVH3ey-CChEs1MH_c5zcjMO5s4WtQ&amp;__tn__=-%5dK-R\">Antonio Solinas<\/a>, afferma: \u201cstamattina ho partecipato alla conferenza stampa per la presentazione delle candidate e dei candidati sardi del <a href=\"https:\/\/www.facebook.com\/partitodemocratico?__cft__%5b0%5d=AZUKi_IChbb63u7fSFACg5GtvNMkTcmim7eFTtrOlPa_Ubzn-ckcK6FUBvOp7B3DS12sYjrQyF9ovkiKDSuN6DNiM1CGexDSO2W0JsKVH3ey-CChEs1MH_c5zcjMO5s4WtQ&amp;__tn__=-%5dK-R\">Partito Democratico<\/a>: tutte e tutti sardi, tutte e tutti estremamente competenti, tutte e tutti determinati a portare i valori, le idee e lo spirito del nostro grande partito in questa campagna elettorale e oltre. Ho respirato orgoglio, unit\u00e0, entusiasmo. Siamo tutte e tutti chiamati a scegliere da che parte stare e questa volta sar\u00e0 ancora pi\u00f9 importante delle altre. Come \u00e8 stato ricordato stamattina, in Sardegna la partita da giocare si apre ora, con la campagna elettorale per il rinnovo del Parlamento, ma ci porter\u00e0 fino alle regionali del 2024. Il Partito Democratico sardo \u00e8 di fronte ad una sfida epocale che pu\u00f2 essere vinta con quell'orgoglio, quell'unit\u00e0, quell'entusiasmo che ho respirato stamattina. Il popolo delle democratiche e dei democratici \u00e8 sempre accorso quando \u00e8 stato necessario, tante e tanti, come me, si sono raccolti intorno al partito soprattutto nei momenti difficili e questo \u00e8 uno di quelli, perch\u00e9 si deve scegliere tra noi, che vogliamo portare l'Italia avanti in tema di ambiente, lavoro, scuola, diritti, e la destra peggiore dal dopo guerra ad oggi che la vuole ricacciare indietro di decine d'anni. Io scelgo quel partito democratico che ho visto e ascoltato stamattina, quell'unit\u00e0, quella squadra di competenze, quell'interesse al bene comune che mi \u00e8 stato trasmesso dalle candidate e dai candidati che ho ascoltato stamattina. Quella \u00e8 la strada giusta.<\/p>\n","protected":false},"excerpt":{"rendered":"<p>Cagliari, 27 Ago 2022 \u2013 In una nota, il candidato alla Camera dei Deputati come capolista del Partito Democratico in Sardegna, e assieme a lui&#8230;<\/p>\n","protected":false},"author":2,"featured_media":226121,"comment_status":"closed","ping_status":"open","sticky":false,"template":"","format":"standard","meta":[],"categories":[49,52],"tags":[],"_links":{"self":[{"href":"https:\/\/www.cronacaonline.it\/index.php\/wp-json\/wp\/v2\/posts\/226120"}],"collection":[{"href":"https:\/\/www.cronacaonline.it\/index.php\/wp-json\/wp\/v2\/posts"}],"about":[{"href":"https:\/\/www.cronacaonline.it\/index.php\/wp-json\/wp\/v2\/types\/post"}],"author":[{"embeddable":true,"href":"https:\/\/www.cronacaonline.it\/index.php\/wp-json\/wp\/v2\/users\/2"}],"replies":[{"embeddable":true,"href":"https:\/\/www.cronacaonline.it\/index.php\/wp-json\/wp\/v2\/comments?post=226120"}],"version-history":[{"count":1,"href":"https:\/\/www.cronacaonline.it\/index.php\/wp-json\/wp\/v2\/posts\/226120\/revisions"}],"predecessor-version":[{"id":226122,"href":"https:\/\/www.cronacaonline.it\/index.php\/wp-json\/wp\/v2\/posts\/226120\/revisions\/226122"}],"wp:featuredmedia":[{"embeddable":true,"href":"https:\/\/www.cronacaonline.it\/index.php\/wp-json\/wp\/v2\/media\/226121"}],"wp:attachment":[{"href":"https:\/\/www.cronacaonline.it\/index.php\/wp-json\/wp\/v2\/media?parent=226120"}],"wp:term":[{"taxonomy":"category","embeddable":true,"href":"https:\/\/www.cronacaonline.it\/index.php\/wp-json\/wp\/v2\/categories?post=226120"},{"taxonomy":"post_tag","embeddable":true,"href":"https:\/\/www.cronacaonline.it\/index.php\/wp-json\/wp\/v2\/tags?post=226120"}],"curies":[{"name":"wp","href":"https:\/\/api.w.org\/{rel}","templated":true}]}}