{"id":226055,"date":"2022-08-25T14:45:00","date_gmt":"2022-08-25T12:45:00","guid":{"rendered":"https:\/\/www.cronacaonline.it\/?p=226055"},"modified":"2022-08-25T14:45:03","modified_gmt":"2022-08-25T12:45:03","slug":"sedi-vacanti-dei-medici-di-medicina-generale-ares-pubblica-le-graduatorie-provvisorie-lassessore-nieddu-in-campo-ogni-strumento-per-garantire-lassistenza-primaria-ma-da","status":"publish","type":"post","link":"https:\/\/www.cronacaonline.it\/index.php\/2022\/08\/25\/sedi-vacanti-dei-medici-di-medicina-generale-ares-pubblica-le-graduatorie-provvisorie-lassessore-nieddu-in-campo-ogni-strumento-per-garantire-lassistenza-primaria-ma-da\/","title":{"rendered":"Sedi vacanti dei medici di medicina generale, Ares pubblica le graduatorie provvisorie. L\u2019assessore Nieddu: \u201cin campo ogni strumento per garantire l\u2019assistenza primaria, ma da Roma serve una svolta per rispondere alla carenza dei medici\u201d."},"content":{"rendered":"\n<p>Cagliari, 25 Ago 2022\u00a0\u2013 Sono state pubblicate e sono disponibili online nell\u2019albo pretorio dell\u2019Ares le graduatorie provvisorie del bando regionale per l\u2019assegnazione ai medici di medicina generale delle sedi vacanti del 2021 pubblicato sul Buras lo scorso 7 luglio. In totale sono state presentate 173 domande per 334 incarichi disponibili in tutta l\u2019Isola: 112 nel territorio dell\u2019Asl di Cagliari; 59 nell\u2019Asl di Sassari; 45 nell\u2019Asl di Nuoro; 36 nell\u2019Asl di Oristano; 25 nell\u2019Asl del Sulcis; 24 nell\u2019Asl della Gallura; 24 nell\u2019Asl del Medio Campidano; 9 nell\u2019Asl dell\u2019Ogliastra. I medici candidati avranno tempo 15 giorni per presentare eventuali istanze di riesame della propria posizione, dopodich\u00e9 si passer\u00e0 alla pubblicazione delle graduatorie definitive e quindi all\u2019assegnazione degli incarichi nelle sedi bandite.<\/p>\n\n\n\n<p>\u201cPer tracciare un bilancio attendiamo la conclusione dell\u2019iter e l\u2019assegnazione vera e propria delle sedi. Contiamo, grazie all\u2019importante accordo raggiunto per le sedi disagiate e disagiatissime, di dare una risposta soprattutto a quei Comuni che cronicamente faticano a trovare medici disposti a ricoprire incarichi\u201d, dichiara l\u2019assessore regionale della Sanit\u00e0, Mario Nieddu. \u201cDi sicuro il divario tra il numero delle domande e il totale delle sedi a disposizione \u2013 sottolinea l\u2019assessore \u2013 evidenzia ancora una volta l\u2019urgenza di una riforma dell\u2019assistenza primaria a livello nazionale. Abbiamo messo in campo ogni strumento a nostra disposizione, recuperando i gravi ritardi sui bandi accumulati nel tempo. Ricordo che nel 2019, all\u2019inizio dell\u2019attuale legislatura, risultavano non ancora assegnate le sedi vacanti dal 2014 al 2017. Abbiamo recuperato il pregresso e bandito le sedi del 2018, del 2019, del 2020, in piena pandemia, e ora il 2021. Inoltre abbiamo dato gambe a un accordo per l\u2019indicazione delle nuove sedi disagiate e disagiatissime per poter dare incentivi ai medici che scelgono di lavorare nelle sedi pi\u00f9 svantaggiate\u201d.<\/p>\n\n\n\n<p>\u201cGarantire l\u2019assistenza primaria ovunque \u00e8 sempre stata ed \u00e8 ancora oggi la nostra priorit\u00e0. Per sopperire alla carenza di medici siamo intervenuti con forza anche sulla programmazione, mancata per troppo tempo, aumentando in modo esponenziale le borse di studio, ma su questo fronte servono risposte immediate. Parliamo di una criticit\u00e0 a livello nazionale che dovr\u00e0 essere ai primi posti dell\u2019agenda del prossimo governo e purtroppo a oggi l\u2019allarme lanciato delle Regioni \u00e8 rimasto pressoch\u00e9 inascoltato a Roma\u201d, conclude l\u2019assessore. Com<\/p>\n","protected":false},"excerpt":{"rendered":"<p>Cagliari, 25 Ago 2022\u00a0\u2013 Sono state pubblicate e sono disponibili online nell\u2019albo pretorio dell\u2019Ares le graduatorie provvisorie del bando regionale per l\u2019assegnazione ai medici di&#8230;<\/p>\n","protected":false},"author":2,"featured_media":223612,"comment_status":"closed","ping_status":"open","sticky":false,"template":"","format":"standard","meta":[],"categories":[49,52],"tags":[],"_links":{"self":[{"href":"https:\/\/www.cronacaonline.it\/index.php\/wp-json\/wp\/v2\/posts\/226055"}],"collection":[{"href":"https:\/\/www.cronacaonline.it\/index.php\/wp-json\/wp\/v2\/posts"}],"about":[{"href":"https:\/\/www.cronacaonline.it\/index.php\/wp-json\/wp\/v2\/types\/post"}],"author":[{"embeddable":true,"href":"https:\/\/www.cronacaonline.it\/index.php\/wp-json\/wp\/v2\/users\/2"}],"replies":[{"embeddable":true,"href":"https:\/\/www.cronacaonline.it\/index.php\/wp-json\/wp\/v2\/comments?post=226055"}],"version-history":[{"count":1,"href":"https:\/\/www.cronacaonline.it\/index.php\/wp-json\/wp\/v2\/posts\/226055\/revisions"}],"predecessor-version":[{"id":226056,"href":"https:\/\/www.cronacaonline.it\/index.php\/wp-json\/wp\/v2\/posts\/226055\/revisions\/226056"}],"wp:featuredmedia":[{"embeddable":true,"href":"https:\/\/www.cronacaonline.it\/index.php\/wp-json\/wp\/v2\/media\/223612"}],"wp:attachment":[{"href":"https:\/\/www.cronacaonline.it\/index.php\/wp-json\/wp\/v2\/media?parent=226055"}],"wp:term":[{"taxonomy":"category","embeddable":true,"href":"https:\/\/www.cronacaonline.it\/index.php\/wp-json\/wp\/v2\/categories?post=226055"},{"taxonomy":"post_tag","embeddable":true,"href":"https:\/\/www.cronacaonline.it\/index.php\/wp-json\/wp\/v2\/tags?post=226055"}],"curies":[{"name":"wp","href":"https:\/\/api.w.org\/{rel}","templated":true}]}}