{"id":225989,"date":"2022-08-23T18:30:52","date_gmt":"2022-08-23T16:30:52","guid":{"rendered":"https:\/\/www.cronacaonline.it\/?p=225989"},"modified":"2022-08-23T18:30:54","modified_gmt":"2022-08-23T16:30:54","slug":"emergenza-idrica-il-presidente-regione-sardegna-incontra-i-sindaci-di-quattro-comuni","status":"publish","type":"post","link":"https:\/\/www.cronacaonline.it\/index.php\/2022\/08\/23\/emergenza-idrica-il-presidente-regione-sardegna-incontra-i-sindaci-di-quattro-comuni\/","title":{"rendered":"Emergenza idrica, il presidente Regione Sardegna incontra i sindaci di quattro comuni."},"content":{"rendered":"\n<p>Cagliari,\u00a023 Ago 2022\u00a0- L\u2019emergenza idrica al centro di un incontro tra il Presidente della Regione Sardegna e i sindaci dei Comuni di Dorgali, Angela Testone, Baunei, Stefano Monni, Bari Sardo, Ivan Mameli, Ploaghe, Carlo Sotgiu.<br>\u201cL\u2019acqua \u00e8 un bene prezioso, ancora pi\u00f9 importante per una regione come la Sardegna che dipende per il 75% dagli invasi\u201d, spiega il Presidente, che ricevendo i sindaci ha manifestato la disponibilit\u00e0 della Regione di andare quanto pi\u00f9 possibile incontro alle esigenze delle Comunit\u00e0 prendendo in considerazione e analizzando la fattibilit\u00e0 della richiesta di realizzare cinque macro depositi,\u00a0 che possano sopperire alle carenze idriche tipiche dei periodi estivi e assicurare un livello sufficiente di raccolta dell\u2019acqua da impiegare in casi di emergenza (valore stimato in 7 milioni di euro dall\u2019Ente acqua della Sardegna, Egas).<br>\u201cDa un utilizzo responsabile della risorsa dipendono fattori importantissimi in grado di condizionare lo sviluppo dei territori e delle Comunit\u00e0.<\/p>\n\n\n\n<p>La Regione \u2013 conclude la nota del presidente - \u00e8 impegnata a garantire a ogni singolo Comune il diritto all\u2019acqua\u201d, ha concluso il Presidente. Com<\/p>\n","protected":false},"excerpt":{"rendered":"<p>Cagliari,\u00a023 Ago 2022\u00a0&#8211; L\u2019emergenza idrica al centro di un incontro tra il Presidente della Regione Sardegna e i sindaci dei Comuni di Dorgali, Angela Testone,&#8230;<\/p>\n","protected":false},"author":2,"featured_media":187128,"comment_status":"closed","ping_status":"open","sticky":false,"template":"","format":"standard","meta":[],"categories":[49,52],"tags":[],"_links":{"self":[{"href":"https:\/\/www.cronacaonline.it\/index.php\/wp-json\/wp\/v2\/posts\/225989"}],"collection":[{"href":"https:\/\/www.cronacaonline.it\/index.php\/wp-json\/wp\/v2\/posts"}],"about":[{"href":"https:\/\/www.cronacaonline.it\/index.php\/wp-json\/wp\/v2\/types\/post"}],"author":[{"embeddable":true,"href":"https:\/\/www.cronacaonline.it\/index.php\/wp-json\/wp\/v2\/users\/2"}],"replies":[{"embeddable":true,"href":"https:\/\/www.cronacaonline.it\/index.php\/wp-json\/wp\/v2\/comments?post=225989"}],"version-history":[{"count":1,"href":"https:\/\/www.cronacaonline.it\/index.php\/wp-json\/wp\/v2\/posts\/225989\/revisions"}],"predecessor-version":[{"id":225990,"href":"https:\/\/www.cronacaonline.it\/index.php\/wp-json\/wp\/v2\/posts\/225989\/revisions\/225990"}],"wp:featuredmedia":[{"embeddable":true,"href":"https:\/\/www.cronacaonline.it\/index.php\/wp-json\/wp\/v2\/media\/187128"}],"wp:attachment":[{"href":"https:\/\/www.cronacaonline.it\/index.php\/wp-json\/wp\/v2\/media?parent=225989"}],"wp:term":[{"taxonomy":"category","embeddable":true,"href":"https:\/\/www.cronacaonline.it\/index.php\/wp-json\/wp\/v2\/categories?post=225989"},{"taxonomy":"post_tag","embeddable":true,"href":"https:\/\/www.cronacaonline.it\/index.php\/wp-json\/wp\/v2\/tags?post=225989"}],"curies":[{"name":"wp","href":"https:\/\/api.w.org\/{rel}","templated":true}]}}