{"id":225938,"date":"2022-08-22T12:13:39","date_gmt":"2022-08-22T10:13:39","guid":{"rendered":"https:\/\/www.cronacaonline.it\/?p=225938"},"modified":"2022-08-22T12:13:42","modified_gmt":"2022-08-22T10:13:42","slug":"programmazione-territoriale-assessore-fasolino-chiusa-la-fase-di-co-progettazione-il-presidente-sardo-regione-vicina-ai-territori-salvaguardati-gli-interventi-per-lo-sviluppo","status":"publish","type":"post","link":"https:\/\/www.cronacaonline.it\/index.php\/2022\/08\/22\/programmazione-territoriale-assessore-fasolino-chiusa-la-fase-di-co-progettazione-il-presidente-sardo-regione-vicina-ai-territori-salvaguardati-gli-interventi-per-lo-sviluppo\/","title":{"rendered":"Programmazione territoriale, Assessore Fasolino: chiusa la fase di co-progettazione. Il presidente sardo: \u201cRegione vicina ai territori. Salvaguardati gli interventi per lo sviluppo\u201d"},"content":{"rendered":"\n<p>Cagliari, 22 Ago 2022 \u2013\u00a0\u00c8 pronto a entrare nella fase attuativa il percorso di ottimizzazione della programmazione territoriale, tra le pi\u00f9 grandi misure di salvaguardia degli interventi messe in campo dalla Regione. Si \u00e8 infatti conclusa la fase di co-progettazione per lasciare spazio a quella successiva, ovvero la firma degli accordi di rimodulazione approvati dalla Giunta su proposta dell\u2019Assessore della Programmazione, Giuseppe Fasolino.<\/p>\n\n\n\n<p>\u201cVicinanza ai territori e pieno sostegno alle Comunit\u00e0 sono i punti fermi nell\u2019azione governativa che caratterizza questa Legislatura \u2013 spiega il Presidente della Regione Sardegna -&nbsp;&nbsp;In questo contesto il programma di ottimizzazione della Programmazione territoriale, cos\u00ec come i patti per lo sviluppo e le altre misure messe in campo per sostenere la crescita dei territori, rappresentano un\u2019occasione di rilancio economico e sociale per i territori, utili anche ad affrontare al meglio la fase di ripresa post-Covid\u201d, conclude il Presidente.<\/p>\n\n\n\n<p>Oltre ad aver sistemato i punti ritenuti pi\u00f9 critici della progettazione, la Regione \u00e8 intervenuta a salvaguardia degli interventi previsti cambiando le linee di finanziamento (i fondi FSC FESR in scadenza sono divenuti fondi regionali per consentire la realizzazione delle opere) e procedendo a una rimodulazione di risorse per coprire gli oneri aggiuntivi nel frattempo intervenuti, pari a 4 milioni e 200mila euro.<\/p>\n\n\n\n<p>Il percorso di ottimizzazione prevedeva infatti la possibilit\u00e0 per i soggetti attuatori dei progetti di sviluppo territoriale gi\u00e0 approvati e in fase attuativa di presentare, di presentare una proposta di rimodulazione per la modifica di interventi risultati critici nella realizzazione, cambiando quindi il quadro finanziario dell\u2019intervento. \u201cDall\u2019esame delle proposte di rimodulazione presentate \u2013 spiega l\u2019Assessore della Programmazione, Giuseppe Fasolino - \u00e8 emersa la necessit\u00e0 di riprogrammare parte delle risorse comunitarie e nazionali per far fronte alle esigenze manifestate dai territori anche a seguito dei rallentamenti nella realizzazione degli interventi dovuti da un lato alla pandemia e dall\u2019altro alla crisi socio economica che ha comportato un conseguente rincaro dei costi delle lavorazioni. Obiettivo primario della Regione \u2013 prosegue l\u2019Assessore - \u00e8 infatti quello di accompagnare i territori nel processo virtuoso di sviluppo, senza lasciare nessuno indietro e garantendo equilibrio e sostegno a tutti. \u00c8 per questo che abbiamo messo in pratica tutte le azioni necessarie a favorire un\u2019accelerazione delle procedure e della spesa delle risorse e il conseguente rispetto delle tempistiche previste dalle fonti finanziarie di riferimento\u201d, ha concluso l\u2019esponente della Giunta isolana. Da qui la proposta di delibera presentata alla Giunta per approvare il quadro del fabbisogno di rimodulazione degli interventi e la tabella di dettaglio del fabbisogno di rimodulazione con oneri aggiuntivi, autorizzando i soggetti attuatori a procedere con la realizzazione degli interventi.<\/p>\n\n\n\n<p>Sono ben ventuno i territori, distribuiti in tutta la Sardegna, interessati dal processo di ottimizzazione avviato appunto dalla Giunta sarda con l\u2019obiettivo di attivare una serie coordinata di strumenti tesi a imprimere un'accelerazione delle procedure (specie per i territori con maggiori ritardi o criticit\u00e0) e a sviluppare forme di ottimizzazione delle esperienze virtuose, nell'ottica di incentivare la diffusione di buone pratiche. Com<\/p>\n","protected":false},"excerpt":{"rendered":"<p>Cagliari, 22 Ago 2022 \u2013\u00a0\u00c8 pronto a entrare nella fase attuativa il percorso di ottimizzazione della programmazione territoriale, tra le pi\u00f9 grandi misure di salvaguardia&#8230;<\/p>\n","protected":false},"author":2,"featured_media":223998,"comment_status":"closed","ping_status":"open","sticky":false,"template":"","format":"standard","meta":[],"categories":[49,52],"tags":[],"_links":{"self":[{"href":"https:\/\/www.cronacaonline.it\/index.php\/wp-json\/wp\/v2\/posts\/225938"}],"collection":[{"href":"https:\/\/www.cronacaonline.it\/index.php\/wp-json\/wp\/v2\/posts"}],"about":[{"href":"https:\/\/www.cronacaonline.it\/index.php\/wp-json\/wp\/v2\/types\/post"}],"author":[{"embeddable":true,"href":"https:\/\/www.cronacaonline.it\/index.php\/wp-json\/wp\/v2\/users\/2"}],"replies":[{"embeddable":true,"href":"https:\/\/www.cronacaonline.it\/index.php\/wp-json\/wp\/v2\/comments?post=225938"}],"version-history":[{"count":1,"href":"https:\/\/www.cronacaonline.it\/index.php\/wp-json\/wp\/v2\/posts\/225938\/revisions"}],"predecessor-version":[{"id":225939,"href":"https:\/\/www.cronacaonline.it\/index.php\/wp-json\/wp\/v2\/posts\/225938\/revisions\/225939"}],"wp:featuredmedia":[{"embeddable":true,"href":"https:\/\/www.cronacaonline.it\/index.php\/wp-json\/wp\/v2\/media\/223998"}],"wp:attachment":[{"href":"https:\/\/www.cronacaonline.it\/index.php\/wp-json\/wp\/v2\/media?parent=225938"}],"wp:term":[{"taxonomy":"category","embeddable":true,"href":"https:\/\/www.cronacaonline.it\/index.php\/wp-json\/wp\/v2\/categories?post=225938"},{"taxonomy":"post_tag","embeddable":true,"href":"https:\/\/www.cronacaonline.it\/index.php\/wp-json\/wp\/v2\/tags?post=225938"}],"curies":[{"name":"wp","href":"https:\/\/api.w.org\/{rel}","templated":true}]}}