{"id":225915,"date":"2022-08-22T08:41:21","date_gmt":"2022-08-22T06:41:21","guid":{"rendered":"https:\/\/www.cronacaonline.it\/?p=225915"},"modified":"2022-08-22T08:41:26","modified_gmt":"2022-08-22T06:41:26","slug":"elezioni-politiche-del-25-settembre-prossimo-in-sardegna-cagliari-lotta-tra-cappellacci-e-frailis","status":"publish","type":"post","link":"https:\/\/www.cronacaonline.it\/index.php\/2022\/08\/22\/elezioni-politiche-del-25-settembre-prossimo-in-sardegna-cagliari-lotta-tra-cappellacci-e-frailis\/","title":{"rendered":"Elezioni politiche del 25 settembre prossimo in Sardegna: Cagliari lotta tra Cappellacci e Frailis."},"content":{"rendered":"\n<p>Cagliari, 22 Ago 2022 - A liste ormai chiuse e in candidati in corsa, per la Citt\u00e0 Metropolitana di Cagliari, in campo i deputati uscenti di Forza Italia e Pd. Capolista con Verdi e Sinistra Italiana la leader dell\u2019opposizione in Comune, Francesca Ghirra, donna preparata e combattente nata, come lo era il nonno. Invece i 5 Stelle puntano su Alessandra Todde alla Camera e, al Senato, spazio anche all\u2019ex sindaca di Assemini Sabrina Licheri.<\/p>\n\n\n\n<p>Dal canto suo la Lega (che questa volta difficilmente riuscir\u00e0 a portare con il suo nome a Roma qualche candidato) schiera Lina Lunesu. Invece il sindaco Truzzu di Cagliari (che in un primo momento aveva intenzione di lasciare il posto di primo cittadino prima della scadenza) ha detto no alla candidatura, Fratelli d\u2019Italia si affida nel sud Sardegna, al Senato, alla coordinatrice sarda Antonella Zedda e all\u2019ex deputato Salvatore Sasso Deidda alla Camera.<\/p>\n\n\n\n<p>Nella citt\u00e0 metropolitana di Cagliari, la caccia ai voti \u00e8 gi\u00e0 partita e, visto il taglio dei parlamentari la lotta sar\u00e0 serrata e feroce.<\/p>\n\n\n\n<figure class=\"wp-block-image size-full is-resized\"><img loading=\"lazy\" src=\"https:\/\/www.cronacaonline.it\/wp-content\/uploads\/2022\/07\/Andrea-Frailis-Pd.jpg\" alt=\"\" class=\"wp-image-224307\" width=\"727\" height=\"909\" srcset=\"https:\/\/www.cronacaonline.it\/wp-content\/uploads\/2022\/07\/Andrea-Frailis-Pd.jpg 400w, https:\/\/www.cronacaonline.it\/wp-content\/uploads\/2022\/07\/Andrea-Frailis-Pd-240x300.jpg 240w\" sizes=\"(max-width: 727px) 100vw, 727px\" \/><\/figure>\n\n\n\n<p>A Cagliari si sfideranno Forza Italia e Pd che vedr\u00e0 contendersi i voti due deputati uscenti: Ugo Cappellacci e Andrea Frailis, entrambi candidati nel collegio della Citt\u00e0 Metropolitana. E, forse, l\u2019ex presidente della Regione e attuale coordinatore di Fi in Sardegna, potrebbe lasciare spazio, come capolista, al suo collega di partito Pietro Pittalis, riuscendo comunque a rientrare a Montecitorio.<\/p>\n\n\n\n<p>Nel Partito Democratico, il giornalista sardo e, anche lui, con alle spalle tre anni e mezzo di presenza sui banchi romani, dopo aver vinto le suppletive del 2019 in seguito alle dimissioni del grillino Andrea Mura, \u00e8 messo in prima posizione nel listino.<\/p>\n\n\n\n<p>Infine l\u2019Alleanza Verdi Sinistra, proposta dal suo gruppo politico, i Progressisti, candida come capolista Francesca Ghirra, attuale consigliera comunale e leader dell\u2019opposizione in Comune.<\/p>\n","protected":false},"excerpt":{"rendered":"<p>Cagliari, 22 Ago 2022 &#8211; A liste ormai chiuse e in candidati in corsa, per la Citt\u00e0 Metropolitana di Cagliari, in campo i deputati uscenti&#8230;<\/p>\n","protected":false},"author":2,"featured_media":225916,"comment_status":"closed","ping_status":"open","sticky":false,"template":"","format":"standard","meta":[],"categories":[49,52],"tags":[],"_links":{"self":[{"href":"https:\/\/www.cronacaonline.it\/index.php\/wp-json\/wp\/v2\/posts\/225915"}],"collection":[{"href":"https:\/\/www.cronacaonline.it\/index.php\/wp-json\/wp\/v2\/posts"}],"about":[{"href":"https:\/\/www.cronacaonline.it\/index.php\/wp-json\/wp\/v2\/types\/post"}],"author":[{"embeddable":true,"href":"https:\/\/www.cronacaonline.it\/index.php\/wp-json\/wp\/v2\/users\/2"}],"replies":[{"embeddable":true,"href":"https:\/\/www.cronacaonline.it\/index.php\/wp-json\/wp\/v2\/comments?post=225915"}],"version-history":[{"count":1,"href":"https:\/\/www.cronacaonline.it\/index.php\/wp-json\/wp\/v2\/posts\/225915\/revisions"}],"predecessor-version":[{"id":225917,"href":"https:\/\/www.cronacaonline.it\/index.php\/wp-json\/wp\/v2\/posts\/225915\/revisions\/225917"}],"wp:featuredmedia":[{"embeddable":true,"href":"https:\/\/www.cronacaonline.it\/index.php\/wp-json\/wp\/v2\/media\/225916"}],"wp:attachment":[{"href":"https:\/\/www.cronacaonline.it\/index.php\/wp-json\/wp\/v2\/media?parent=225915"}],"wp:term":[{"taxonomy":"category","embeddable":true,"href":"https:\/\/www.cronacaonline.it\/index.php\/wp-json\/wp\/v2\/categories?post=225915"},{"taxonomy":"post_tag","embeddable":true,"href":"https:\/\/www.cronacaonline.it\/index.php\/wp-json\/wp\/v2\/tags?post=225915"}],"curies":[{"name":"wp","href":"https:\/\/api.w.org\/{rel}","templated":true}]}}