{"id":225893,"date":"2022-08-20T15:39:36","date_gmt":"2022-08-20T13:39:36","guid":{"rendered":"https:\/\/www.cronacaonline.it\/?p=225893"},"modified":"2022-08-20T15:39:39","modified_gmt":"2022-08-20T13:39:39","slug":"cto-slitta-ancora-la-riapertura-del-pronto-soccorso-carla-cuccu-idea-sardegna-se-impegni-non-saranno-rispettati-presentero-esposto-in-procura","status":"publish","type":"post","link":"https:\/\/www.cronacaonline.it\/index.php\/2022\/08\/20\/cto-slitta-ancora-la-riapertura-del-pronto-soccorso-carla-cuccu-idea-sardegna-se-impegni-non-saranno-rispettati-presentero-esposto-in-procura\/","title":{"rendered":"Cto, slitta ancora la riapertura del pronto soccorso. Carla Cuccu (Idea Sardegna) \u2018se impegni non saranno rispettati, presenter\u00f2 esposto in procura\u2019."},"content":{"rendered":"\n<p>Cagliari, 20 Ago 2022\u00a0\u2013 \u201cLa notizia di un ulteriore slittamento per la riapertura del Pronto Soccorso del Cto, comunicata dalla direttrice generale della Asl ai sindaci del territorio, \u00e8 gravissima. Se il 22 agosto il presidio rester\u00e0 chiuso, presenter\u00f2 un esposto alla Procura della Repubblica\u201d. Lo afferma Carla Cuccu, consigliera regionale di Idea Sardegna, aggiungendo che \u201cnon c\u2019\u00e8 pi\u00f9 spazio per le parole, le scuse, gli impegni mancati. La vicenda del Pronto Soccorso del Cto e, in generale, della gestione della sanit\u00e0 del Sulcis Iglesiente \u00e8 evidentemente sfuggita di mano alla politica, alla Giunta regionale e alla manager, palesemente inadeguata a ricoprire l\u2019incarico in un territorio complesso ma che merita rispetto e attenzione\u201d.<\/p>\n\n\n\n<p>In sintonia con i sindaci e i sindacati del territorio, l\u2019esponente di Idea Sardegna, componente e segretaria della commissione Sanit\u00e0, non \u00e8 disposta ad attendere oltre: \u201csta trascorrendo la stagione estiva, periodo nel quale l\u2019iglesiente triplica le sue presenze grazie ai turisti. E la Asl ha coscientemente rischiato a pi\u00f9 riprese la tragedia, lasciando un vasto territorio senza un presidio fondamentale come il Pronto Soccorso. Nel frattempo, ha mandato in tilt l\u2019assistenza al Sirai di Carbonia, non attrezzata per farsi carico anche del lavoro del nosocomio di Iglesias\u201d. Insomma \u2013 afferma ancora Carla Cuccu \u2013 un fallimento su tutta la linea. Non ci dimentichiamo, inoltre, che l\u2019impegno per la riapertura del Cto, prevista prima per il 13 e poi per il 22 agosto, \u00e8 stato assunto davanti e con la Commissione Salute del Consiglio regionale e un nuovo rinvio costituirebbe un vulnus anche rispetto al ruolo ispettivo del legislatore regionale, da parte dei vertici dell\u2019azienda sanitaria ma anche dell\u2019assessore della Sanit\u00e0, in qualche modo garante della correttezza dell\u2019azione dei direttori generali\u201d.<\/p>\n\n\n\n<p>Carla Cuccu conferma la presa di posizione \u201cconvintamente dalla parte di Iglesias e dell\u2019Iglesiente: sono pronta ad andare in Procura, abbiamo avuto fin troppa pazienza\u201d. Com<\/p>\n","protected":false},"excerpt":{"rendered":"<p>Cagliari, 20 Ago 2022\u00a0\u2013 \u201cLa notizia di un ulteriore slittamento per la riapertura del Pronto Soccorso del Cto, comunicata dalla direttrice generale della Asl ai&#8230;<\/p>\n","protected":false},"author":2,"featured_media":221741,"comment_status":"closed","ping_status":"open","sticky":false,"template":"","format":"standard","meta":[],"categories":[49,52],"tags":[],"_links":{"self":[{"href":"https:\/\/www.cronacaonline.it\/index.php\/wp-json\/wp\/v2\/posts\/225893"}],"collection":[{"href":"https:\/\/www.cronacaonline.it\/index.php\/wp-json\/wp\/v2\/posts"}],"about":[{"href":"https:\/\/www.cronacaonline.it\/index.php\/wp-json\/wp\/v2\/types\/post"}],"author":[{"embeddable":true,"href":"https:\/\/www.cronacaonline.it\/index.php\/wp-json\/wp\/v2\/users\/2"}],"replies":[{"embeddable":true,"href":"https:\/\/www.cronacaonline.it\/index.php\/wp-json\/wp\/v2\/comments?post=225893"}],"version-history":[{"count":1,"href":"https:\/\/www.cronacaonline.it\/index.php\/wp-json\/wp\/v2\/posts\/225893\/revisions"}],"predecessor-version":[{"id":225894,"href":"https:\/\/www.cronacaonline.it\/index.php\/wp-json\/wp\/v2\/posts\/225893\/revisions\/225894"}],"wp:featuredmedia":[{"embeddable":true,"href":"https:\/\/www.cronacaonline.it\/index.php\/wp-json\/wp\/v2\/media\/221741"}],"wp:attachment":[{"href":"https:\/\/www.cronacaonline.it\/index.php\/wp-json\/wp\/v2\/media?parent=225893"}],"wp:term":[{"taxonomy":"category","embeddable":true,"href":"https:\/\/www.cronacaonline.it\/index.php\/wp-json\/wp\/v2\/categories?post=225893"},{"taxonomy":"post_tag","embeddable":true,"href":"https:\/\/www.cronacaonline.it\/index.php\/wp-json\/wp\/v2\/tags?post=225893"}],"curies":[{"name":"wp","href":"https:\/\/api.w.org\/{rel}","templated":true}]}}