{"id":225558,"date":"2022-08-10T15:13:40","date_gmt":"2022-08-10T13:13:40","guid":{"rendered":"https:\/\/www.cronacaonline.it\/?p=225558"},"modified":"2022-08-10T15:13:42","modified_gmt":"2022-08-10T13:13:42","slug":"surroga-del-consigliere-giorgio-oppi-entra-in-consiglio-alice-aroni-e-poi-il-consiglio-osserva-un-minuto-di-silenzio-in-ricordo-di-giorgio-oppi","status":"publish","type":"post","link":"https:\/\/www.cronacaonline.it\/index.php\/2022\/08\/10\/surroga-del-consigliere-giorgio-oppi-entra-in-consiglio-alice-aroni-e-poi-il-consiglio-osserva-un-minuto-di-silenzio-in-ricordo-di-giorgio-oppi\/","title":{"rendered":"Surroga del consigliere Giorgio Oppi. Entra in Consiglio Alice Aroni e poi il Consiglio osserva un minuto di silenzio in ricordo di Giorgio Oppi."},"content":{"rendered":"\n<p>Cagliari 10 Mar 2022 -\u00a0I lavori del Consiglio regionale sono stati aperti dal presidente Michele Pais. Dopo le formalit\u00e0 di rito il presidente\u00a0ha comunicato che la consigliera Annalisa Mele ha dichiarato di aver revocato la sua adesione al gruppo della Lega e di aver aderito al partito politico dei Riformatori sardi. Il presidente ha quindi annunciato che da oggi si costituisce il gruppo dei Riformatori sardi, composto dalla consigliera Mele, dal consigliere Aldo Salaris e dal consigliere Michele Cossa, eletto\u00a0presidente del Gruppo. Il presidente Pais \u00e8 poi passato all\u2019esame del primo punto all\u2019ordine del giorno.<\/p>\n\n\n\n<p>Oggi \u00e8 una seduta particolare, ha detto il presidente, che si svolge per la prima volta con l\u2019assenza dell\u2019on. Giorgio Oppi, mancato pochi giorni fa.<\/p>\n\n\n\n<p>Il Consiglio regionale ha quindi proceduto alla surroga dell\u2019on. Oppi con l\u2019on. Alice Aroni, prima dei non eletti con 693 voti nella Circoscrizione Cagliari, dopo la scomparsa del primo dei non eletti Mario Fadda. La consigliera Aroni ha prestato giuramento.<\/p>\n\n\n\n<p>Il presidente Pais ha comunicato che il Consiglio regionale si riserva di rendere omaggio all\u2019on. Oppi con una commemorazione ufficiale nella prossima seduta dell\u2019Aula, in modo da consentire anche la presenza dei familiari del decano del Consiglio regionale. Il Consiglio regionale ha osservato un minuto di silenzio in ricordo dell\u2019on. Oppi.<\/p>\n\n\n\n<p>Sono seguiti una serie di interventi sull\u2019ordine dei lavori. Il capogruppo del Psd\u2019Az, Franco Mula, ha chiesto di tenere gli uffici aperti dal 22 agosto per consentire la ripresa dell\u2019attivit\u00e0. Il capogruppo dei Progressisti, Francesco Agus, ha ribadito l\u2019urgenza di approvare la modifica della legge 24 nella parte che riguarda lo scorporo del Microcitemico dal Brotzu, come \u00e8 stato deciso nell\u2019ultima seduta della Commissione Salute. Per Agus non si pu\u00f2 aspettare a settembre. Il consigliere dell\u2019opposizione ha anche auspicato che nella prossima seduta si possa portare in Aula la risoluzione approvata dalla Commissione speciale per il riconoscimento dell\u2019insularit\u00e0.<\/p>\n\n\n\n<p>Anche la consigliera Desir\u00e8 Manca (M5S) si \u00e8 detta d\u2019accordo a riprendere al pi\u00f9 presto l\u2019attivit\u00e0, ricordando che i lavori a rilento non dipendono dalla minoranza. Manca ha sollecitato l\u2019esame della Legge Omnibus e l\u2019invio, da parte dell\u2019assessore della Sanit\u00e0, delle linee guida alle Asl che senza non possono lavorare. Anche la consigliera Annalisa Mele (Riformatori sardi) si \u00e8 detta d\u2019accordo con i colleghi Mula e Agus e sull\u2019urgenza di modificare la Legge 24. Mele ha anche ribadito l\u2019urgenza dare la giusta legittimazione ai medici del 118 come gi\u00e0 avviene per gli altri medici dell\u2019emergenza.<\/p>\n\n\n\n<p>Il capogruppo della Lega Pierluigi Saiu ha concordato sulla necessit\u00e0 di tenere aperti gli uffici ma anche che i consiglieri svolgano l\u2019attivit\u00e0 a cui sono chiamati. E\u2019 inutile tenere aperti gli uffici, ha detto,&nbsp;se non ci sono testi di legge da discutere.&nbsp;&nbsp;\u201cLa telenovela della Omnibus sarebbe il caso di portarla a compimento, dando la disponibilit\u00e0, a nome del mio gruppo, di discutere di un testo agile con quattro provvedimenti generali, a partire da quello sull\u2019artigianato a quelli sui consorzi di bonifica e sul settore primario. Siamo disponibili \u2013 ha concluso Saiu - ad approvare subito il testo\u201d.<\/p>\n\n\n\n<p>Piero Comandini (Pd) si \u00e8 detto d\u2019accordo con il collega Saiu, ricordandogli che fa parte della maggioranza e che da parte dell\u2019opposizione c\u2019\u00e8 la disponibilit\u00e0 a lavorare, come c\u2019\u00e8 sempre stata dall\u2019inizio della legislatura. Anche il consigliere del Pd ha ribadito l\u2019importanza di risolvere subito il problema del Microcitemico per salvaguardare l\u2019attivit\u00e0 dell\u2019ospedale pediatrico sardo.<\/p>\n\n\n\n<p>Il capogruppo di Leu \u2013 art. 1 \u2013 Demos \u2013 Possibile, Eugenio Lai, si \u00e8 detto in forte imbarazzo visto che ieri in Conferenza di capigruppo l\u2019opposizione aveva dato la disponibilit\u00e0 a inserire, in base all\u2019art. 102, il trasferimento del Microcitemico al Brotzu nell\u2019ordine del giorno della seduta di oggi, ma da parte della Lega \u00e8 stato chiesto di temporeggiare per approfondire l\u2019argomento con l\u2019assessore della Sanit\u00e0. \u201cNoi siamo disponibili gi\u00e0 da stasera\u201d, ha detto Lai che ha anche ricordato che in Gallura alcuni esponenti della maggioranza e della Giunta hanno, di fatto, sfiduciato l\u2019assessore della Sanit\u00e0. Siamo pronti a votare la sfiducia, ha concluso.<\/p>\n\n\n\n<p>Il presidente Pais ha affermato che la conferenza dei capigruppo non ha trovato accordo unanime sull\u2019inserimento del provvedimento all\u2019ordine del giorno, in base all\u2019art. 102, e che \u00e8 stato deciso di portare il provvedimento in Commissione. Pais&nbsp;ha anche sottolineato che da parte dell\u2019assessore c\u2019era stata la disponibilit\u00e0 a essere presente oggi prima dell\u2019inizio dei lavori del Consiglio.<\/p>\n\n\n\n<p>Per Francesco Mura (Fdi) le dichiarazioni fatte dai colleghi sono legate alla campagna elettorale perch\u00e9 nessuno ha detto che dal 22 il Consiglio sarebbe stato chiuso e ha sottolineato, rispondendo al collega Lai, che sia la Lega sia l\u2019assessore erano disponibili a discutere il provvedimento sul Microcitemico oggi. Franco Stara (Udc Sardegna al Centro) si \u00e8 detto disponibile a lavorare il 16 agosto per risolvere subito i problemi della sanit\u00e0. La Omnibus non pu\u00f2 arrivare in aula a settembre, \u00e8 troppo tardi, ha detto. Emanuele Cera (FI) ha parlato di ipocrisia e di affermazioni dettate dal clima di campagna elettorale. Forza Italia ha detto \u00e8 disponibile a lavorare anche a ferragosto.<\/p>\n\n\n\n<p>Il presidente Michele Pais ha chiuso la seduta. Il Consiglio sar\u00e0 convocato a domicilio.&nbsp;Com<\/p>\n","protected":false},"excerpt":{"rendered":"<p>Cagliari 10 Mar 2022 &#8211;\u00a0I lavori del Consiglio regionale sono stati aperti dal presidente Michele Pais. Dopo le formalit\u00e0 di rito il presidente\u00a0ha comunicato che&#8230;<\/p>\n","protected":false},"author":2,"featured_media":191710,"comment_status":"closed","ping_status":"open","sticky":false,"template":"","format":"standard","meta":[],"categories":[49,52],"tags":[],"_links":{"self":[{"href":"https:\/\/www.cronacaonline.it\/index.php\/wp-json\/wp\/v2\/posts\/225558"}],"collection":[{"href":"https:\/\/www.cronacaonline.it\/index.php\/wp-json\/wp\/v2\/posts"}],"about":[{"href":"https:\/\/www.cronacaonline.it\/index.php\/wp-json\/wp\/v2\/types\/post"}],"author":[{"embeddable":true,"href":"https:\/\/www.cronacaonline.it\/index.php\/wp-json\/wp\/v2\/users\/2"}],"replies":[{"embeddable":true,"href":"https:\/\/www.cronacaonline.it\/index.php\/wp-json\/wp\/v2\/comments?post=225558"}],"version-history":[{"count":1,"href":"https:\/\/www.cronacaonline.it\/index.php\/wp-json\/wp\/v2\/posts\/225558\/revisions"}],"predecessor-version":[{"id":225559,"href":"https:\/\/www.cronacaonline.it\/index.php\/wp-json\/wp\/v2\/posts\/225558\/revisions\/225559"}],"wp:featuredmedia":[{"embeddable":true,"href":"https:\/\/www.cronacaonline.it\/index.php\/wp-json\/wp\/v2\/media\/191710"}],"wp:attachment":[{"href":"https:\/\/www.cronacaonline.it\/index.php\/wp-json\/wp\/v2\/media?parent=225558"}],"wp:term":[{"taxonomy":"category","embeddable":true,"href":"https:\/\/www.cronacaonline.it\/index.php\/wp-json\/wp\/v2\/categories?post=225558"},{"taxonomy":"post_tag","embeddable":true,"href":"https:\/\/www.cronacaonline.it\/index.php\/wp-json\/wp\/v2\/tags?post=225558"}],"curies":[{"name":"wp","href":"https:\/\/api.w.org\/{rel}","templated":true}]}}