{"id":225556,"date":"2022-08-10T13:36:58","date_gmt":"2022-08-10T11:36:58","guid":{"rendered":"https:\/\/www.cronacaonline.it\/?p=225556"},"modified":"2022-08-10T13:37:01","modified_gmt":"2022-08-10T11:37:01","slug":"energia-spiragli-per-portovesme-srl-in-arrivo-entro-settembre-decreti-attuativi-energy-release","status":"publish","type":"post","link":"https:\/\/www.cronacaonline.it\/index.php\/2022\/08\/10\/energia-spiragli-per-portovesme-srl-in-arrivo-entro-settembre-decreti-attuativi-energy-release\/","title":{"rendered":"Energia, spiragli per Portovesme srl, in arrivo entro settembre decreti attuativi Energy Release."},"content":{"rendered":"\n<p>Cagliari, 10 Ago 2022\u00a0\u2013 I decreti attuativi dell\u2019Energy Release sono in fase di elaborazione, e dovrebbero arrivare entro settembre. Alla fase di attuazione seguir\u00e0 poi quella di concertazione. \u00c8 quanto emerso dal vertice, in videoconferenza, tra Mise, Regione, Azienda, organizzazioni sindacali e amministratori locali.<\/p>\n\n\n\n<p>\u201cChiediamo concretezza - dichiara la vicepresidente della Regione, Alessandra Zedda -&nbsp;&nbsp;Servono fatti e tempi certi. Solo con i decreti attuativi dell\u2019Energy Release arriveranno i termini sulla quota di energia che spetta alla Sardegna e il prezzo finale. Vigiliamo sulla procedura di attuazione ed esortiamo i Ministeri coinvolti ad accelerare il procedimento, perch\u00e9 la parte amministrativa in questa fase \u00e8 determinante\u201d. La Regione - aggiunge Zedda -&nbsp;&nbsp;sostiene lo sviluppo del polo industriale di Portovesme, che&nbsp;ha un\u2019importanza strategica a livello nazionale e continuer\u00e0 a fare la sua parte assicurando un sostegno al reddito dei lavoratori con l\u2019erogazione della cassa integrazione. La Glencore in questi anni, non solo ha garantito lo sviluppo della produzione di piombo e zinco, ma anche il lavoro di centinaia di famiglie che vivono in una delle province pi\u00f9 povere d\u2019Italia. Ancora una volta, siamo al fianco dei lavoratori\u201d.<\/p>\n\n\n\n<p>\u201cLa Regione Sardegna - afferma l\u2019assessore dell\u2019industria, Anita Pili, nel suo ruolo di Presidente della Commissione Energia della Conferenza delle Regioni, porta avanti il dialogo costante col Governo nazionale relativamente all\u2019Energy Release. Presidiamo affinch\u00e9 si possano abbreviare i tempi per avere i decreti attuativi necessari a riportare i prezzi dell\u2019energia ad un livello accettabile, che consenta di tutelare l\u2019operativit\u00e0 dell\u2019area industriale di Portovesme e di conseguenza il futuro dei lavoratori\u201d.<\/p>\n\n\n\n<p>&nbsp;\u201cOccorre accelerare - ha detto l\u2019assessore della Difesa dell\u2019Ambiente -&nbsp;&nbsp;su quanto il governo ha promesso perch\u00e9 le aziende energivore del Sulcis non possono fermare gli investimenti per il risanamento ambientale a causa dell\u2019aumento dei costi energetici. Parliamo di un territorio fortemente gravato da annose problematiche ambientali di cui questa giunta regionale si \u00e8 fatta carico, attivando virtuosi percorsi risolutivi, condivisi con le comunit\u00e0 locali. La campagna elettorale e le ferie estive non siano motivo per posticipare soluzioni attese da tempo su cui vi \u00e8 la necessit\u00e0 di risposte immediate\u201d.<\/p>\n\n\n\n<p>Il vertice \u00e8 stato aggiornato ai primi di settembre. Com<\/p>\n","protected":false},"excerpt":{"rendered":"<p>Cagliari, 10 Ago 2022\u00a0\u2013 I decreti attuativi dell\u2019Energy Release sono in fase di elaborazione, e dovrebbero arrivare entro settembre. Alla fase di attuazione seguir\u00e0 poi&#8230;<\/p>\n","protected":false},"author":2,"featured_media":221520,"comment_status":"closed","ping_status":"open","sticky":false,"template":"","format":"standard","meta":[],"categories":[49,52],"tags":[],"_links":{"self":[{"href":"https:\/\/www.cronacaonline.it\/index.php\/wp-json\/wp\/v2\/posts\/225556"}],"collection":[{"href":"https:\/\/www.cronacaonline.it\/index.php\/wp-json\/wp\/v2\/posts"}],"about":[{"href":"https:\/\/www.cronacaonline.it\/index.php\/wp-json\/wp\/v2\/types\/post"}],"author":[{"embeddable":true,"href":"https:\/\/www.cronacaonline.it\/index.php\/wp-json\/wp\/v2\/users\/2"}],"replies":[{"embeddable":true,"href":"https:\/\/www.cronacaonline.it\/index.php\/wp-json\/wp\/v2\/comments?post=225556"}],"version-history":[{"count":1,"href":"https:\/\/www.cronacaonline.it\/index.php\/wp-json\/wp\/v2\/posts\/225556\/revisions"}],"predecessor-version":[{"id":225557,"href":"https:\/\/www.cronacaonline.it\/index.php\/wp-json\/wp\/v2\/posts\/225556\/revisions\/225557"}],"wp:featuredmedia":[{"embeddable":true,"href":"https:\/\/www.cronacaonline.it\/index.php\/wp-json\/wp\/v2\/media\/221520"}],"wp:attachment":[{"href":"https:\/\/www.cronacaonline.it\/index.php\/wp-json\/wp\/v2\/media?parent=225556"}],"wp:term":[{"taxonomy":"category","embeddable":true,"href":"https:\/\/www.cronacaonline.it\/index.php\/wp-json\/wp\/v2\/categories?post=225556"},{"taxonomy":"post_tag","embeddable":true,"href":"https:\/\/www.cronacaonline.it\/index.php\/wp-json\/wp\/v2\/tags?post=225556"}],"curies":[{"name":"wp","href":"https:\/\/api.w.org\/{rel}","templated":true}]}}