{"id":225370,"date":"2022-08-05T15:10:13","date_gmt":"2022-08-05T13:10:13","guid":{"rendered":"https:\/\/www.cronacaonline.it\/?p=225370"},"modified":"2022-08-05T15:10:16","modified_gmt":"2022-08-05T13:10:16","slug":"proroga-dei-contratti-in-sanita-la-legge-e-legittima-e-pienamente-operativa-il-governo-impugna-un-solo-comma","status":"publish","type":"post","link":"https:\/\/www.cronacaonline.it\/index.php\/2022\/08\/05\/proroga-dei-contratti-in-sanita-la-legge-e-legittima-e-pienamente-operativa-il-governo-impugna-un-solo-comma\/","title":{"rendered":"Proroga dei contratti in sanit\u00e0, la legge \u00e8 legittima e pienamente operativa. Il governo impugna un solo comma."},"content":{"rendered":"\n<p>Cagliari, 5 Ago 2022 \u2013\u00a0Nessuno stop alla Legge regionale 11 del 6 luglio 2022. \u201cLa decisione della Sardegna di prorogare i contratti del personale assunto per rafforzare il nostro sistema sanitario durante la pandemia \u00e8 perfettamente legittima. Le risorse stanziate per non disperdere quelle preziose professionalit\u00e0 che hanno dato un contributo fondamentale ai nostri ospedali e servizi territoriali, nonch\u00e9 per mantenere operative le Usca, in un momento in cui il virus continua a essere una minaccia nonostante la fine dello stato d\u2019emergenza, non sono a rischio. I medici e gli operatori oggi in servizio, i cui contratti sono stati prorogati sino alla fine dell\u2019anno, continueranno la loro indispensabile attivit\u00e0\u201d.\u00a0<\/p>\n\n\n\n<p>Lo dichiara il Presidente della Regione Sardegna, in merito alla decisione da parte del Governo di impugnare solo una parte della Legge regionale 11 del 6 luglio 2022. Le eccezioni sollevate dal Consiglio dei Ministri riguardano infatti esclusivamente il comma 2 dell\u2019art. 2, provvedimento di natura straordinaria promosso dalla Regione con l\u2019obiettivo di abbattere le liste d\u2019attesa e il recupero di tutte le prestazioni rimaste indietro proprio a causa del Covid e garantire cos\u00ec in maniera uniforme i livelli essenziali d\u2019assistenza su tutto il territorio e che, secondo Roma, supererebbe i tetti di spesa previsti dalla revisione della spesa.<\/p>\n\n\n\n<p>Un\u2019obiezione che la Regione contesta e difender\u00e0 le proprie posizioni davanti ai giudici costituzionali.&nbsp;&nbsp;\u201cConsideriamo infatti corretto il nostro operato anche su questo aspetto \u2013 afferma il Presidente \u2013. Il Governo sembra non tenere conto della specificit\u00e0 della nostra Isola. Dal 2007 la Regione provvede con risorse proprie al finanziamento del servizio sanitario regionale, e in questo senso la Corte Costituzionale si \u00e8 gi\u00e0 espressa pi\u00f9 volte riconoscendo che lo Stato non ha titolo per dettare norme di coordinamento finanziario che definiscano le modalit\u00e0 di contenimento di una spesa sanitaria interamente sostenuta da altri, n\u00e9 per imporre vincoli alle autonomie territoriali che si fanno interamente carico della spesa sanitaria. Questo significa che \u00e8 la stessa Consulta a ritenere che lo stato non pu\u00f2 limitare la facolt\u00e0 della Regione di finanziare, con proprie risorse, una maggiore e qualificata offerta sanitaria, conclude il Presidente\u201d.<\/p>\n\n\n\n<p>\u201cAbbiamo assunto decisioni importanti, mettendo in campo, ancora una volta, tante risorse con il solo scopo di garantire ai cittadini il diritto a una sanit\u00e0 efficiente in un momento di grande sofferenza a causa di una pandemia che dura da oltre due anni e mezzo \u2013 dice l\u2019Assessore alla Sanit\u00e0 Mario Nieddu \u2013. Lo abbiamo fatto con cognizione e senso di responsabilit\u00e0 nei confronti dei sardi. L\u2019autonomia della nostra Isola \u00e8 un principio fondamentale e lo \u00e8 ancora di pi\u00f9 se la sua tutela significa difendere la salute dei cittadini\u201d, conclude l\u2019Assessore. Com<\/p>\n","protected":false},"excerpt":{"rendered":"<p>Cagliari, 5 Ago 2022 \u2013\u00a0Nessuno stop alla Legge regionale 11 del 6 luglio 2022. \u201cLa decisione della Sardegna di prorogare i contratti del personale assunto&#8230;<\/p>\n","protected":false},"author":2,"featured_media":221857,"comment_status":"closed","ping_status":"open","sticky":false,"template":"","format":"standard","meta":[],"categories":[49,52],"tags":[],"_links":{"self":[{"href":"https:\/\/www.cronacaonline.it\/index.php\/wp-json\/wp\/v2\/posts\/225370"}],"collection":[{"href":"https:\/\/www.cronacaonline.it\/index.php\/wp-json\/wp\/v2\/posts"}],"about":[{"href":"https:\/\/www.cronacaonline.it\/index.php\/wp-json\/wp\/v2\/types\/post"}],"author":[{"embeddable":true,"href":"https:\/\/www.cronacaonline.it\/index.php\/wp-json\/wp\/v2\/users\/2"}],"replies":[{"embeddable":true,"href":"https:\/\/www.cronacaonline.it\/index.php\/wp-json\/wp\/v2\/comments?post=225370"}],"version-history":[{"count":1,"href":"https:\/\/www.cronacaonline.it\/index.php\/wp-json\/wp\/v2\/posts\/225370\/revisions"}],"predecessor-version":[{"id":225371,"href":"https:\/\/www.cronacaonline.it\/index.php\/wp-json\/wp\/v2\/posts\/225370\/revisions\/225371"}],"wp:featuredmedia":[{"embeddable":true,"href":"https:\/\/www.cronacaonline.it\/index.php\/wp-json\/wp\/v2\/media\/221857"}],"wp:attachment":[{"href":"https:\/\/www.cronacaonline.it\/index.php\/wp-json\/wp\/v2\/media?parent=225370"}],"wp:term":[{"taxonomy":"category","embeddable":true,"href":"https:\/\/www.cronacaonline.it\/index.php\/wp-json\/wp\/v2\/categories?post=225370"},{"taxonomy":"post_tag","embeddable":true,"href":"https:\/\/www.cronacaonline.it\/index.php\/wp-json\/wp\/v2\/tags?post=225370"}],"curies":[{"name":"wp","href":"https:\/\/api.w.org\/{rel}","templated":true}]}}