{"id":225323,"date":"2022-08-04T18:45:37","date_gmt":"2022-08-04T16:45:37","guid":{"rendered":"https:\/\/www.cronacaonline.it\/?p=225323"},"modified":"2022-08-04T18:45:40","modified_gmt":"2022-08-04T16:45:40","slug":"alta-formazione-al-via-bando-master-and-back-il-presidente-della-regione-sarda-la-sardegna-investe-sui-talenti-dei-giovani-per-far-tornare-in-sardegna-le-figure-piu-specializzate","status":"publish","type":"post","link":"https:\/\/www.cronacaonline.it\/index.php\/2022\/08\/04\/alta-formazione-al-via-bando-master-and-back-il-presidente-della-regione-sarda-la-sardegna-investe-sui-talenti-dei-giovani-per-far-tornare-in-sardegna-le-figure-piu-specializzate\/","title":{"rendered":"Alta formazione, al via bando master and back, il presidente della Regione sarda: \u201cla Sardegna investe sui talenti dei giovani per far tornare in Sardegna le figure pi\u00f9 specializzate\u201d."},"content":{"rendered":"\n<p><\/p>\n\n\n\n<p>Cagliari, 4 Ago 2022\u00a0- \u201cInvertire la rotta \u00e8 possibile. La Regione si oppone alla tendenza dei cervelli in fuga, un fenomeno che oggi comporta un progressivo impoverimento della societ\u00e0, con una duplice strategia: da un lato promuoviamo percorsi di alta formazione d\u2019eccellenza fuori dalla Regione, e dall\u2019altro agevoliamo il rientro in Sardegna per spendere le competenze acquisite nella propria terra\u201d. Cos\u00ec il presidente della Regione della Sardegna, commenta la pubblicazione dell\u2019Avviso \u201cMaster and Back\u201d il programma regionale che consente ai giovani sardi di svolgere master post lauream in prestigiose universit\u00e0 fuori dall\u2019isola.<\/p>\n\n\n\n<p>Lo stanziamento complessivo \u00e8 pari a Euro 3.876.366,51, cos\u00ec ripartito: - Linea A: \u20ac 1.938.183,25 destinati a finanziare percorsi di alta formazione post lauream e l\u2019ultimo anno del corso di laurea specialistica\/magistrale in universit\u00e0 pubbliche o private, italiane o estere, in discipline afferenti all\u2019ambito Science, Technology, Engineering and Mathematics (STEM) - Linea B: \u20ac 1.938.183,26 per tutti i percorsi di alta formazione post lauream non afferenti all\u2019ambito delle discipline STEM.<\/p>\n\n\n\n<p>L\u2019avviso pubblico appena pubblicato contiene importanti novit\u00e0 pensate e volute per allargare la platea dei destinatari: dall\u2019aumento dell\u2019et\u00e0 dei partecipanti, fino ai 45 anni, che desiderano frequentare un master in tutte le discipline, al fatto che le borse di studio potranno essere concesse anche a chi non si \u00e8 ancora laureato, ma deve frequentare l\u2019ultimo anno in una facolt\u00e0 STEM (cio\u00e8 per chi segue corsi di studio scientifici come scienze, tecnologia, ingegneria, matematica). Per essere ammessi \u00e8 necessario essere residenti in Sardegna, aver&nbsp;conseguito la laurea a ciclo unico o specialistica\/magistrale o triennale, essere in possesso di apposita lettera di accettazione rilasciata dall\u2019organismo ospitante oppure essere iscritti all\u2019ultimo anno di un corso di laurea specialistica\/magistrale. Ulteriore requisito, avere un ISEE non superiore a 72 mila euro.<\/p>\n\n\n\n<p>I percorsi di alta formazione devono essere seguiti in universit\u00e0 e istituti non universitari che operano fuori dall\u2019isola&nbsp;e concludersi entro il&nbsp;31 ottobre 2023. La borsa di studio copre le tasse di iscrizione fino ad un massimo di 18 mila euro, il costo forfettario delle spese di vitto e alloggio (anche in questo caso fino ad un massimo di 18 mila euro) e il costo una tantum delle spese di viaggio per una tratta di andata e ritorno.<\/p>\n\n\n\n<p>\u201cIn un mercato del lavoro in continua evoluzione - sottolinea l\u2019assessore del lavoro, Alessandra Zedda - e sempre pi\u00f9 competitivo, solo aumentando le competenze e il potenziale umano possiamo contrastare non solo il \u201cbrain drain\u201d, la fuga dei cervelli, ma anche \u201cil brain waste\u201d, il cosiddetto spreco dei cervelli, un fenomeno in cui l\u2019emigrazione non \u00e8 solo fisica ma anche occupazionale, in cui persone altamente qualificate si spostano verso mansioni lontane dai loro percorsi di studio\u201d. Valorizzare e non disperdere le competenze acquisite con il titolo di studio&nbsp;sono, infatti,&nbsp;gli obiettivi del \u201cback\u201d.<\/p>\n\n\n\n<p>La domanda di partecipazione completa di tutti gli allegati richiesti si pu\u00f2 inviare tramite PEC a partire da oggi, 4 agosto&nbsp;ed entro il 30 novembre 2022 a:&nbsp;<a href=\"javascript:webmail.View.mailto(%7bmailto:'aspal.altaformazione@pec.regione.sardegna.it',%20subject:%20''%7d)\">aspal.altaformazione@pec.regione.sardegna.it<\/a><\/p>\n\n\n\n<p>Si tratta di un bando a sportello per cui si seguir\u00e0 l\u2019ordine cronologico di invio (che sar\u00e0 l\u2019unico elemento di priorit\u00e0 nell\u2019assegnazione del beneficio fino ad esaurimento delle risorse disponibili). Per tutti i dettagli, requisiti, form di domanda e allegati ecco il link all\u2019avviso:&nbsp;<a href=\"https:\/\/bit.ly\/Master-and-Back\" target=\"_blank\" rel=\"noreferrer noopener\">https:\/\/bit.ly\/Master-and-Back<\/a>&nbsp;(mla)<\/p>\n","protected":false},"excerpt":{"rendered":"<p>Cagliari, 4 Ago 2022\u00a0&#8211; \u201cInvertire la rotta \u00e8 possibile. La Regione si oppone alla tendenza dei cervelli in fuga, un fenomeno che oggi comporta un&#8230;<\/p>\n","protected":false},"author":2,"featured_media":187128,"comment_status":"closed","ping_status":"open","sticky":false,"template":"","format":"standard","meta":[],"categories":[49,52],"tags":[],"_links":{"self":[{"href":"https:\/\/www.cronacaonline.it\/index.php\/wp-json\/wp\/v2\/posts\/225323"}],"collection":[{"href":"https:\/\/www.cronacaonline.it\/index.php\/wp-json\/wp\/v2\/posts"}],"about":[{"href":"https:\/\/www.cronacaonline.it\/index.php\/wp-json\/wp\/v2\/types\/post"}],"author":[{"embeddable":true,"href":"https:\/\/www.cronacaonline.it\/index.php\/wp-json\/wp\/v2\/users\/2"}],"replies":[{"embeddable":true,"href":"https:\/\/www.cronacaonline.it\/index.php\/wp-json\/wp\/v2\/comments?post=225323"}],"version-history":[{"count":1,"href":"https:\/\/www.cronacaonline.it\/index.php\/wp-json\/wp\/v2\/posts\/225323\/revisions"}],"predecessor-version":[{"id":225324,"href":"https:\/\/www.cronacaonline.it\/index.php\/wp-json\/wp\/v2\/posts\/225323\/revisions\/225324"}],"wp:featuredmedia":[{"embeddable":true,"href":"https:\/\/www.cronacaonline.it\/index.php\/wp-json\/wp\/v2\/media\/187128"}],"wp:attachment":[{"href":"https:\/\/www.cronacaonline.it\/index.php\/wp-json\/wp\/v2\/media?parent=225323"}],"wp:term":[{"taxonomy":"category","embeddable":true,"href":"https:\/\/www.cronacaonline.it\/index.php\/wp-json\/wp\/v2\/categories?post=225323"},{"taxonomy":"post_tag","embeddable":true,"href":"https:\/\/www.cronacaonline.it\/index.php\/wp-json\/wp\/v2\/tags?post=225323"}],"curies":[{"name":"wp","href":"https:\/\/api.w.org\/{rel}","templated":true}]}}