{"id":225249,"date":"2022-08-03T16:57:38","date_gmt":"2022-08-03T14:57:38","guid":{"rendered":"https:\/\/www.cronacaonline.it\/?p=225249"},"modified":"2022-08-03T16:57:40","modified_gmt":"2022-08-03T14:57:40","slug":"energia-assessori-pili-e-lampis-al-convegno-organizzato-da-anci-e-cal-sardegna-fondamentale-lavorare-insieme-per-ottenere-una-strategia-energetica-nazionale-che-tenga-conto-delle-esigenze-e","status":"publish","type":"post","link":"https:\/\/www.cronacaonline.it\/index.php\/2022\/08\/03\/energia-assessori-pili-e-lampis-al-convegno-organizzato-da-anci-e-cal-sardegna-fondamentale-lavorare-insieme-per-ottenere-una-strategia-energetica-nazionale-che-tenga-conto-delle-esigenze-e\/","title":{"rendered":"Energia, assessori Pili e Lampis al convegno organizzato da Anci e Cal Sardegna: \u201cfondamentale lavorare insieme per ottenere una strategia energetica nazionale che tenga conto delle esigenze e delle specificit\u00e0 dei singoli territori\u201d."},"content":{"rendered":"\n<p>Cagliari, 3 Ago 2022\u00a0\u2013\u00a0Informare gli amministratori locali sulle richieste demaniali per l\u2019installazione di impianti off-shore, e\u00a0tracciare un percorso comune per sottoscrivere un\u00a0protocollo di collaborazione\u00a0che tenga conto delle\u00a0specificit\u00e0\u00a0dei territori, come previsto dalla Strategia Regionale per lo Sviluppo Sostenibile e dall\u2019Agenda 2030.<\/p>\n\n\n\n<p>\u00c8 stato il duplice obiettivo dell\u2019incontro organizzato oggi&nbsp;ad Arborea&nbsp;dall\u2019Anci Sardegna e dal Cal Sardegna in cui sono intervenuti gli assessori regionali dell\u2019Ambiente, Gianni Lampis, e dell\u2019Industria, Anita Pili.<\/p>\n\n\n\n<p>\u201cDa ormai due anni, in sede di&nbsp;Commissione&nbsp;Ambiente,&nbsp;Energia e&nbsp;Sostenibilit\u00e0 della Conferenza delle Regioni, che la Sardegna ha l\u2019onere e l\u2019onore di coordinare -&nbsp;ha affermato l\u2019assessore Lampis - abbiamo provato a recapitare ai ministri che si sono succeduti l\u2019istanza non solo della&nbsp;Regione&nbsp;ma dell\u2019intero sistema delle regioni e delle province autonome.<\/p>\n\n\n\n<p>Il governo ha deciso, soprattutto in seguito al decreto semplificazioni, di annoverare tra le sue esclusive prerogative quella delle autorizzazioni di impianti sopra una determinata soglia di MegaWatt, per poter recuperare il tempo perso al fine di raggiungere i 70GW di energia prodotta da fonti rinnovabili entro il 2026-2027. Ci\u00f2 al fine di dimostrare alla comunit\u00e0 europea che questo risultato \u00e8 raggiungibile, prescindendo per\u00f2 dal passaggio per tutti i livelli territoriali interessati.<\/p>\n\n\n\n<p>Questa \u00e8 la pi\u00f9 grande difficolt\u00e0 ed insieme la pi\u00f9 grande battaglia che oggi il sistema delle regioni italiane e delle province autonome stanno portando avanti. L\u2019obiettivo finale sta prevaricando il rispetto dell'architettura costituzionale. Anche per questo motivo la Regione ha ritenuto di dover impugnare il decreto energia. Il ripristino del dialogo all\u2019interno della Conferenza Stato-Regioni sar\u00e0 forse uno dei compiti fondamentali cui si trover\u00e0 davanti il futuro nuovo primo ministro.<\/p>\n\n\n\n<p>Al momento, la nazione attraversa una fase delicata in cui le esigenze locali ricevono meno attenzioni. Qui entra in gioco la burocrazia, che deve assicurare la continuit\u00e0 dell\u2019attenzione alle tematiche\u201d.<\/p>\n\n\n\n<p>\u201cUno dei quesiti a cui non si \u00e8 ancora trovata risposta a livello nazionale \u2013 prosegue Lampis \u2013 \u00e8 ad esempio quello relativo allo smaltimento degli impianti fotovoltaici al loro fine vita. \u00c8 fondamentale ragionare in un\u2019ottica di lungo periodo.<\/p>\n\n\n\n<p>I sindaci ci fanno sapere di ricevere richieste di installazione degli impianti che non tengono conto della destinazione d\u2019uso delle stesse aree, o delle specie faunistiche presenti. La giunta regionale ha gi\u00e0 approvato una delibera che individua le aree idonee e non idonee: tra le non idonee vi sono quelle che ricadono nella Rete Natura 2000, ovvero un quinto del territorio regionale. Occorre la massima attenzione nel gestire le svariate richieste delle societ\u00e0. E aggiornare costantemente gli obiettivi della Strategia Regionale di Sviluppo Sostenibile&nbsp;per rendere sempre pi\u00f9 concreta la transizione energetica ed&nbsp;arrivare, in&nbsp;un&nbsp;futuro&nbsp;non troppo lontano,&nbsp;a non parlare pi\u00f9 di&nbsp;handicap infrastrutturali o di limiti legati all\u2019insularit\u00e0\u201d.<\/p>\n\n\n\n<p>\u201cAbbiamo iniziato gi\u00e0 da diverse settimane una collaborazione tra Regione, Anci, Cal e Universit\u00e0 finalizzata a innovare la strategia energetica regionale - ha affermato l\u2019assessore Pili - al fine di arrivare ad una co-pianificazione, imprescindibile quando si parla di energia, che eviti situazioni di conflitto tra i vari livelli di governo, nazionale, regionale e locale. Ribadiamo oggi in questa sede la volont\u00e0 di tracciare un percorso per sottoscrivere insieme un&nbsp;protocollo di collaborazione&nbsp;tra la Regione Sardegna con gli assessorati dell\u2019Industria e dell\u2019Ambiente, ANCI, Cal e Universit\u00e0, per collaborare ad una strategia energetica regionale che deve tener conto di criteri diversi da quelli del passato.<\/p>\n\n\n\n<p><br>Grazie al lavoro che stiamo facendo come Regione Sardegna nell\u2019ambito della Commissione Energia della Conferenza delle Regioni \u2013 ha sottolineato l\u2019assessore dell\u2019Industria \u2013 stiamo collaborando con il Mite alla preparazione dei bandi a valere sul PNRR che porteranno nuove risorse per i comuni in materia di comunit\u00e0 energetiche e Idrogeno. Inoltre stiamo elaborando il disegno di legge per l\u2019individuazione delle aree idonee in cui installare gli impianti di produzione di energia rinnovabile in cui la collaborazione attiva dei comuni \u00e8 necessaria. Continueremo su questa strada individuando gli strumenti migliori per l\u2019efficientamento dei consumi e la salvaguardia dei territori\u201d. Com<\/p>\n","protected":false},"excerpt":{"rendered":"<p>Cagliari, 3 Ago 2022\u00a0\u2013\u00a0Informare gli amministratori locali sulle richieste demaniali per l\u2019installazione di impianti off-shore, e\u00a0tracciare un percorso comune per sottoscrivere un\u00a0protocollo di collaborazione\u00a0che tenga&#8230;<\/p>\n","protected":false},"author":2,"featured_media":225250,"comment_status":"closed","ping_status":"open","sticky":false,"template":"","format":"standard","meta":[],"categories":[49,52],"tags":[],"_links":{"self":[{"href":"https:\/\/www.cronacaonline.it\/index.php\/wp-json\/wp\/v2\/posts\/225249"}],"collection":[{"href":"https:\/\/www.cronacaonline.it\/index.php\/wp-json\/wp\/v2\/posts"}],"about":[{"href":"https:\/\/www.cronacaonline.it\/index.php\/wp-json\/wp\/v2\/types\/post"}],"author":[{"embeddable":true,"href":"https:\/\/www.cronacaonline.it\/index.php\/wp-json\/wp\/v2\/users\/2"}],"replies":[{"embeddable":true,"href":"https:\/\/www.cronacaonline.it\/index.php\/wp-json\/wp\/v2\/comments?post=225249"}],"version-history":[{"count":1,"href":"https:\/\/www.cronacaonline.it\/index.php\/wp-json\/wp\/v2\/posts\/225249\/revisions"}],"predecessor-version":[{"id":225251,"href":"https:\/\/www.cronacaonline.it\/index.php\/wp-json\/wp\/v2\/posts\/225249\/revisions\/225251"}],"wp:featuredmedia":[{"embeddable":true,"href":"https:\/\/www.cronacaonline.it\/index.php\/wp-json\/wp\/v2\/media\/225250"}],"wp:attachment":[{"href":"https:\/\/www.cronacaonline.it\/index.php\/wp-json\/wp\/v2\/media?parent=225249"}],"wp:term":[{"taxonomy":"category","embeddable":true,"href":"https:\/\/www.cronacaonline.it\/index.php\/wp-json\/wp\/v2\/categories?post=225249"},{"taxonomy":"post_tag","embeddable":true,"href":"https:\/\/www.cronacaonline.it\/index.php\/wp-json\/wp\/v2\/tags?post=225249"}],"curies":[{"name":"wp","href":"https:\/\/api.w.org\/{rel}","templated":true}]}}