{"id":225171,"date":"2022-08-02T13:43:34","date_gmt":"2022-08-02T11:43:34","guid":{"rendered":"https:\/\/www.cronacaonline.it\/?p=225171"},"modified":"2022-08-02T13:43:37","modified_gmt":"2022-08-02T11:43:37","slug":"citta-del-vino-al-via-calici-di-stelle-2022-gli-assessori-murgia-chessa-e-sanna-comparto-in-crescita-rafforzare-la-vocazione-enoturistica-per-lo-sviluppo-dei-territori","status":"publish","type":"post","link":"https:\/\/www.cronacaonline.it\/index.php\/2022\/08\/02\/citta-del-vino-al-via-calici-di-stelle-2022-gli-assessori-murgia-chessa-e-sanna-comparto-in-crescita-rafforzare-la-vocazione-enoturistica-per-lo-sviluppo-dei-territori\/","title":{"rendered":"Citt\u00e0 del vino, al via \u2018calici di stelle\u2019 2022. Gli assessori Murgia, Chessa e Sanna: comparto in crescita, rafforzare la vocazione enoturistica per lo sviluppo dei territori."},"content":{"rendered":"\n<p>Cagliari, 2 Ago 2022 -\u00a0\u201cI vini sardi stanno conquistando spazi nei nuovi mercati nazionali e internazionali consolidando la loro presenza in quelli tradizionali. Il comparto sta vivendo un buon momento portando avanti progetti di modernizzazione di impianti e tecnologie, affinando le tecniche di commercializzazione e rafforzando l\u2019offerta enoturistica, fonte di sviluppo dei territori. Tutte le iniziative che seguono questa strategia sono un importante veicolo di promozione dei prodotti e aiutano le nostre aziende vitivinicole a crescere secondo un modello sostenibile\u201d. Lo afferma l\u2019assessore regionale dell\u2019Agricoltura, Gabriella Murgia, in occasione dell\u2019avvio di \u201cCalici di Stelle 2022\u201d, l\u2019iniziativa promossa dal Coordinamento regionale delle Citt\u00e0 del Vino con il sostegno della Regione, che si apre domani a Terralba e si concluder\u00e0 il 12 agosto a Sorso.<\/p>\n\n\n\n<p>\u201cLa Sardegna pu\u00f2 contare su una straordinaria e diversificata offerta turistica \u2013 sottolinea l\u2019assessore regionale del Turismo, Gianni Chessa \u2013 e quella enogastronomica fa intravedere grandi opportunit\u00e0 di crescita, contribuendo ad allungare la stagione, ed \u00e8 in grado di proporre ai turisti luoghi e percorsi identitari che sono la migliore sintesi della storia, della tradizione e della cultura dell\u2019Isola\u201d.<\/p>\n\n\n\n<p>\u201cOgni iniziativa che coinvolga il territorio grazie alla valorizzazione e alla promozione delle sue eccellenze agroalimentari \u2013 evidenzia l\u2019assessore regionale degli Enti locali, Quirico Sanna \u2013 \u00e8 un\u2019occasione di crescita e di sviluppo per tutta la Sardegna e rappresenta un freno allo spopolamento delle nostre zone interne\u201d.<\/p>\n\n\n\n<p>Il programma, ideato dai Comuni Citt\u00e0 del Vino e dalle cantine del Movimento Turismo del Vino, prevede decine di appuntamenti in tutta la Sardegna tra degustazioni, incontri, spettacoli ed eventi culturali. Ecco il calendario: mercoled\u00ec 3 agosto a Terralba, sabato 6 a Tempio, domenica 7 a Dorgali, marted\u00ec 9 a Bosa, mercoled\u00ec 10 appuntamenti a Usini, Sennori, Badesi e Jerzu, gioved\u00ec 11 a Sardara con la manifestazione unica delle aziende del \u201cMovimento Turismo del Vino della Sardegna\u201d, venerd\u00ec 12 a Sorso. Com<\/p>\n","protected":false},"excerpt":{"rendered":"<p>Cagliari, 2 Ago 2022 &#8211;\u00a0\u201cI vini sardi stanno conquistando spazi nei nuovi mercati nazionali e internazionali consolidando la loro presenza in quelli tradizionali. Il comparto&#8230;<\/p>\n","protected":false},"author":2,"featured_media":224526,"comment_status":"closed","ping_status":"open","sticky":false,"template":"","format":"standard","meta":[],"categories":[49,52],"tags":[],"_links":{"self":[{"href":"https:\/\/www.cronacaonline.it\/index.php\/wp-json\/wp\/v2\/posts\/225171"}],"collection":[{"href":"https:\/\/www.cronacaonline.it\/index.php\/wp-json\/wp\/v2\/posts"}],"about":[{"href":"https:\/\/www.cronacaonline.it\/index.php\/wp-json\/wp\/v2\/types\/post"}],"author":[{"embeddable":true,"href":"https:\/\/www.cronacaonline.it\/index.php\/wp-json\/wp\/v2\/users\/2"}],"replies":[{"embeddable":true,"href":"https:\/\/www.cronacaonline.it\/index.php\/wp-json\/wp\/v2\/comments?post=225171"}],"version-history":[{"count":1,"href":"https:\/\/www.cronacaonline.it\/index.php\/wp-json\/wp\/v2\/posts\/225171\/revisions"}],"predecessor-version":[{"id":225172,"href":"https:\/\/www.cronacaonline.it\/index.php\/wp-json\/wp\/v2\/posts\/225171\/revisions\/225172"}],"wp:featuredmedia":[{"embeddable":true,"href":"https:\/\/www.cronacaonline.it\/index.php\/wp-json\/wp\/v2\/media\/224526"}],"wp:attachment":[{"href":"https:\/\/www.cronacaonline.it\/index.php\/wp-json\/wp\/v2\/media?parent=225171"}],"wp:term":[{"taxonomy":"category","embeddable":true,"href":"https:\/\/www.cronacaonline.it\/index.php\/wp-json\/wp\/v2\/categories?post=225171"},{"taxonomy":"post_tag","embeddable":true,"href":"https:\/\/www.cronacaonline.it\/index.php\/wp-json\/wp\/v2\/tags?post=225171"}],"curies":[{"name":"wp","href":"https:\/\/api.w.org\/{rel}","templated":true}]}}