{"id":225151,"date":"2022-08-02T09:03:03","date_gmt":"2022-08-02T07:03:03","guid":{"rendered":"https:\/\/www.cronacaonline.it\/?p=225151"},"modified":"2022-08-02T09:03:06","modified_gmt":"2022-08-02T07:03:06","slug":"turismo-assessore-chessa-forte-crescita-per-la-sardegna-a-luglio-oltre-13-milioni-di-arrivi","status":"publish","type":"post","link":"https:\/\/www.cronacaonline.it\/index.php\/2022\/08\/02\/turismo-assessore-chessa-forte-crescita-per-la-sardegna-a-luglio-oltre-13-milioni-di-arrivi\/","title":{"rendered":"Turismo, Assessore Chessa: forte crescita per la Sardegna a luglio. Oltre 1,3 milioni di arrivi."},"content":{"rendered":"\n<p>Cagliari, 2 Ago 2022\u00a0\u2013 Le aspettative sono ottime anche per il mese di agosto, ha dichiarato ieri l'assessore al Turismo Gianni Chessa, ma al momento, dice, possiamo gi\u00e0 affermare che questa prima parte dell\u2019estate sia stata sicuramente un successo per tutta l\u2019Isola, come era nelle previsioni.<\/p>\n\n\n\n<p>Dal canto suo il presidente della Regione Sardegna aggiunge: i dati sugli arrivi nell\u2019Isola nel mese di luglio confermano il trend positivo registrato nel mese precedente. Oltre 1,3milioni i passeggeri sbarcati nei porti e negli aeroporti della Sardegna, in crescita rispetto al 2021 e in aumento anche rispetto al 2019, con un dato superiore del 6,5% rispetto al periodo pre-pandemia che segna cos\u00ec un importante recupero. Sono numeri che confermano la forte attrattivit\u00e0 della nostra regione e la dinamicit\u00e0 del comparto turistico che resta competitivo nonostante le incertezze sul panorama internazionale.<\/p>\n\n\n\n<p>Nel mese di luglio gli scali navali,&nbsp;secondo i dati forniti dall\u2019Autorit\u00e0 di sistema portuale del mare di Sardegna,&nbsp;registrano complessivamente oltre 607mila arrivi con un incremento del 14% rispetto al 2021 e del 6,92% rispetto al 2019, un dato che si attesta complessivamente come il&nbsp;migliore della stagione. Tra i numeri pi\u00f9 significativi troviamo quello registrato dal porto di Olbia e Porto Torres, rispettivamente con oltre 370mila e 143mila passeggeri sbarcati.<\/p>\n\n\n\n<p>Bene anche gli arrivi negli aeroporti: 763 mila sbarchi complessivamente sui tre scali dell\u2019Isola. Cagliari-Elmas&nbsp;con oltre 302mila passeggeri si riporta sui livelli registrati a luglio 2019. Alghero, con oltre 113.343 passeggeri sbarcati nel mese che si \u00e8 appena concluso, segna un netto incremento rispetto al 2021 (+32%) e una crescita anche rispetto al 2019 (+7,36). Lo stesso per Olbia, con 347.351 arrivi a luglio (+26,3% rispetto al 2021 e +12,24 sul 2019). Olbia con 665mila passeggeri, nel mese di luglio, complessivamente tra arrivi e partenze segna il suo record storico.<\/p>\n\n\n\n<p>Segnali molto positivi, commenta il Presidente. La situazione internazionale, segnata dagli scioperi del traffico aereo nelle ultime settimane e dai rincari, non ha scoraggiato i turisti, che continuano a scegliere la Sardegna come meta delle proprie vacanze. Continueremo promuovere ovunque la nostra Isola, investendo sulle sue bellezze naturalistiche, le sue eccellenze e la sua cultura, che costituiscono un qualcosa di unico e un valore in grado di attrarre ed essere un volano per l\u2019economia di tutta la regione. Com<\/p>\n","protected":false},"excerpt":{"rendered":"<p>Cagliari, 2 Ago 2022\u00a0\u2013 Le aspettative sono ottime anche per il mese di agosto, ha dichiarato ieri l&#8217;assessore al Turismo Gianni Chessa, ma al momento,&#8230;<\/p>\n","protected":false},"author":2,"featured_media":221645,"comment_status":"closed","ping_status":"open","sticky":false,"template":"","format":"standard","meta":[],"categories":[49,52],"tags":[],"_links":{"self":[{"href":"https:\/\/www.cronacaonline.it\/index.php\/wp-json\/wp\/v2\/posts\/225151"}],"collection":[{"href":"https:\/\/www.cronacaonline.it\/index.php\/wp-json\/wp\/v2\/posts"}],"about":[{"href":"https:\/\/www.cronacaonline.it\/index.php\/wp-json\/wp\/v2\/types\/post"}],"author":[{"embeddable":true,"href":"https:\/\/www.cronacaonline.it\/index.php\/wp-json\/wp\/v2\/users\/2"}],"replies":[{"embeddable":true,"href":"https:\/\/www.cronacaonline.it\/index.php\/wp-json\/wp\/v2\/comments?post=225151"}],"version-history":[{"count":1,"href":"https:\/\/www.cronacaonline.it\/index.php\/wp-json\/wp\/v2\/posts\/225151\/revisions"}],"predecessor-version":[{"id":225152,"href":"https:\/\/www.cronacaonline.it\/index.php\/wp-json\/wp\/v2\/posts\/225151\/revisions\/225152"}],"wp:featuredmedia":[{"embeddable":true,"href":"https:\/\/www.cronacaonline.it\/index.php\/wp-json\/wp\/v2\/media\/221645"}],"wp:attachment":[{"href":"https:\/\/www.cronacaonline.it\/index.php\/wp-json\/wp\/v2\/media?parent=225151"}],"wp:term":[{"taxonomy":"category","embeddable":true,"href":"https:\/\/www.cronacaonline.it\/index.php\/wp-json\/wp\/v2\/categories?post=225151"},{"taxonomy":"post_tag","embeddable":true,"href":"https:\/\/www.cronacaonline.it\/index.php\/wp-json\/wp\/v2\/tags?post=225151"}],"curies":[{"name":"wp","href":"https:\/\/api.w.org\/{rel}","templated":true}]}}