{"id":225023,"date":"2022-07-29T12:25:57","date_gmt":"2022-07-29T10:25:57","guid":{"rendered":"https:\/\/www.cronacaonline.it\/?p=225023"},"modified":"2022-07-29T12:26:00","modified_gmt":"2022-07-29T10:26:00","slug":"formazione-professionale-iefp-riaperto-il-bando-per-il-conseguimento-della-qualifica-professionale-lassessore-zedda-la-regione-sardegna-continua-ad-investire-in-formazione-e-inclu","status":"publish","type":"post","link":"https:\/\/www.cronacaonline.it\/index.php\/2022\/07\/29\/formazione-professionale-iefp-riaperto-il-bando-per-il-conseguimento-della-qualifica-professionale-lassessore-zedda-la-regione-sardegna-continua-ad-investire-in-formazione-e-inclu\/","title":{"rendered":"Formazione Professionale-Iefp: riaperto il bando per il conseguimento della qualifica professionale, l\u2019assessore Zedda: \u201cla Regione Sardegna continua ad investire in formazione e inclusione sociale\u201d."},"content":{"rendered":"\n<p>Cagliari, 29 Lug 2022 \u2013\u00a0Sono stati riaperti i termini per la presentazione di percorsi di Istruzione e Formazione Professionale (IeFP) in sistema duale per il conseguimento della qualifica professionale per gli anni formativi 2022-2025 e 2023-2026. Ad annunciarlo l\u2019assessore del lavoro, Alessandra Zedda, che sottolinea - \u201cLa Regione intende dare continuit\u00e0 ai percorsi IeFP erogati con modalit\u00e0 di apprendimento duale, la cui sperimentazione \u00e8 iniziata nel 2018, costituendo un elenco di percorsi valido per due cicli formativi triennali, ovvero per gli agli anni formativi 2022\/2025 e 2023\/2026. I percorsi di istruzione e formazione professionale (IeFP)\u00a0sono finalizzati all\u2019assolvimento del diritto-dovere di istruzione e formazione e prevedono il rilascio da parte della Regione della qualifica professionale triennale di Operatore, livello 3 EQF, riconosciuta a livello europeo\u201d.<\/p>\n\n\n\n<p>La durata complessiva del percorso formativo \u00e8 di 2970 ore. Ciascun ciclo dura&nbsp;tre annualit\u00e0 di 990 ore ciascuna. I\/le destinatari\/e dell\u2019offerta formativa per il conseguimento della Qualifica triennale IeFP di livello 3 EQF sono ragazzi e ragazze residenti o domiciliati in Sardegna che non abbiano gi\u00e0 assolto l\u2019obbligo di istruzione e formazione, in possesso dei seguenti requisiti: licenza media; et\u00e0 inferiore ai 17 anni (ovvero 16 anni e 364 giorni) alla data del 14 settembre 2022 per il triennio&nbsp;2022-2025 e al 14 settembre 2023 per il triennio 2023-2026.<\/p>\n\n\n\n<p>Per gli anni formativi 2022-2025, \u00e8 stato approvato l'elenco provvisorio dei percorsi formativi ammessi alla successiva fase di raccolta delle iscrizioni, avvenuta tramite il portale per l'acquisizione delle iscrizioni (SIDI) del Ministero dell'Istruzione. Cos\u00ec come \u00e8 gi\u00e0 stato approvato l\u2019elenco dei percorsi formativi che hanno raggiunto il numero minimo di iscrizione, risultanti sul sistema informativo SIDI del Ministero, utili al loro finanziamento. Approvato anche l\u2019elenco definitivo dei percorsi formativi che hanno raggiunto il numero minimo di iscrizioni, a seguito della riapertura delle iscrizioni.<\/p>\n\n\n\n<p>\u201cLa Regione - ha concluso Zedda - investe sulla formazione e l\u2019inclusione sociale&nbsp;per sfruttare le risorse del PNRR - Oltre all'integrazione di&nbsp;2.801.072,00 Euro, saranno infatti utilizzati anche i fondi del PNRR. Abbiamo a disposizione 1.759.124,00 Euro, a valere sui fondi ministeriali e su quelli del Programma Nazionale di Ripresa e Resilienza.<\/p>\n\n\n\n<p>Complessivamente l\u2019ammontare delle risorse \u00e8 di \u20ac 4.560.196,00 per il finanziamento di circa 10 percorsi formativi che per primi raggiungeranno il numero minimo di iscritti. La dotazione finanziaria complessiva per il primo ciclo di programmazione 2022-2025 ammonta a oltre \u20ac 10.000.000,00 con la possibilit\u00e0 di finanziare 25 percorsi formativi. Il costo massimo totale singolo percorso formativo \u00e8 di \u20ac 426.605,50.&nbsp;Le domande di partecipazione telematica (DPT) potranno essere inviate dalle ore 09.00 del 01.08.2022 alle ore 18.00 del 12.09.2022&nbsp;attraverso l'applicativo Sil Sardegna. Com<\/p>\n","protected":false},"excerpt":{"rendered":"<p>Cagliari, 29 Lug 2022 \u2013\u00a0Sono stati riaperti i termini per la presentazione di percorsi di Istruzione e Formazione Professionale (IeFP) in sistema duale per il&#8230;<\/p>\n","protected":false},"author":2,"featured_media":221520,"comment_status":"closed","ping_status":"open","sticky":false,"template":"","format":"standard","meta":[],"categories":[49,52],"tags":[],"_links":{"self":[{"href":"https:\/\/www.cronacaonline.it\/index.php\/wp-json\/wp\/v2\/posts\/225023"}],"collection":[{"href":"https:\/\/www.cronacaonline.it\/index.php\/wp-json\/wp\/v2\/posts"}],"about":[{"href":"https:\/\/www.cronacaonline.it\/index.php\/wp-json\/wp\/v2\/types\/post"}],"author":[{"embeddable":true,"href":"https:\/\/www.cronacaonline.it\/index.php\/wp-json\/wp\/v2\/users\/2"}],"replies":[{"embeddable":true,"href":"https:\/\/www.cronacaonline.it\/index.php\/wp-json\/wp\/v2\/comments?post=225023"}],"version-history":[{"count":1,"href":"https:\/\/www.cronacaonline.it\/index.php\/wp-json\/wp\/v2\/posts\/225023\/revisions"}],"predecessor-version":[{"id":225024,"href":"https:\/\/www.cronacaonline.it\/index.php\/wp-json\/wp\/v2\/posts\/225023\/revisions\/225024"}],"wp:featuredmedia":[{"embeddable":true,"href":"https:\/\/www.cronacaonline.it\/index.php\/wp-json\/wp\/v2\/media\/221520"}],"wp:attachment":[{"href":"https:\/\/www.cronacaonline.it\/index.php\/wp-json\/wp\/v2\/media?parent=225023"}],"wp:term":[{"taxonomy":"category","embeddable":true,"href":"https:\/\/www.cronacaonline.it\/index.php\/wp-json\/wp\/v2\/categories?post=225023"},{"taxonomy":"post_tag","embeddable":true,"href":"https:\/\/www.cronacaonline.it\/index.php\/wp-json\/wp\/v2\/tags?post=225023"}],"curies":[{"name":"wp","href":"https:\/\/api.w.org\/{rel}","templated":true}]}}