{"id":224989,"date":"2022-07-29T08:16:36","date_gmt":"2022-07-29T06:16:36","guid":{"rendered":"https:\/\/www.cronacaonline.it\/?p=224989"},"modified":"2022-07-29T08:16:39","modified_gmt":"2022-07-29T06:16:39","slug":"commemorazione-curraggia-assessori-biancareddu-e-lampis-il-ricordo-di-quella-drammatica-giornata-e-indelebile-e-importante-rendere-il-doveroso-omaggio-a-chi-ha-perso-la-vita-impegnandosi-p","status":"publish","type":"post","link":"https:\/\/www.cronacaonline.it\/index.php\/2022\/07\/29\/commemorazione-curraggia-assessori-biancareddu-e-lampis-il-ricordo-di-quella-drammatica-giornata-e-indelebile-e-importante-rendere-il-doveroso-omaggio-a-chi-ha-perso-la-vita-impegnandosi-p\/","title":{"rendered":"Commemorazione Curraggia, assessori Biancareddu e Lampis: \u2018il ricordo di quella drammatica giornata \u00e8 indelebile. \u00c8 importante rendere il doveroso omaggio a chi ha perso la vita impegnandosi per la comunit\u00e0\u2019."},"content":{"rendered":"\n<p>Tempio Pausania (SS), 29 Lug 2020\u00a0\u2013 Alcuni anni dopo l\u2019incendio che nel 1983 divamp\u00f2 nelle colline intorno a Tempio Pausania, distruggendo oltre 18.000 ettari e causando nove vittime tra i volontari che lottarono per spegnere le fiamme, la Regione Sardegna ha deciso, con una legge regionale, che il 28 luglio sia la giornata commemorativa non solo di quel tragico evento, ma l\u2019occasione per rendere omaggio a tutti coloro (operatori antincendio, volontari e cittadini) che hanno perso la vita o hanno riportato gravi danni nei tanti e devastanti incendi verificatisi nell\u2019Isola dal dopoguerra.\u00a0Alla cerimonia di commemorazione, che si \u00e8 svolta\u00a0oggi a Tempio, insieme al Sindaco, ad altri amministratori del territorio e alle autorit\u00e0 civili, militari e religiose, hanno partecipato, eri, in rappresentanza del presidente Solinas, gli assessori regionali della Pubblica istruzione, Andrea Biancareddu, e della Difesa dell\u2019ambiente, Gianni Lampis.<\/p>\n\n\n\n<p>\u201cSeppure siano trascorsi 39 anni, quella di Curraggia resta una tragedia immane che sconvolse l\u2019intera Sardegna, lasciando indelebili ricordi nei protagonisti diretti di quella drammatica giornata, soprattutto nelle famiglie dei caduti e dei feriti. E\u2019 importante ricordare per rendere il doveroso omaggio a chi ha perso la vita impegnandosi per la comunit\u00e0\u201d, ha detto l\u2019assessore Biancareddu.<\/p>\n\n\n\n<p>\u201cLe Istituzioni regionali da anni sono fortemente impegnate sul fronte degli incendi per le terribili conseguenze causate alla vita umana e al patrimonio naturalistico isolano \u2013 ha aggiunto l\u2019assessore Lampis \u2013 Perci\u00f2, ogni estate, viene predisposta un\u2019imponente macchina regionale antincendio che, anno dopo anno, grazie ad una crescente capacit\u00e0 professionale, \u00e8 in grado di contenere gli effetti devastanti di questa piaga che affligge da troppo tempo la Sardegna e che dobbiamo combattere con tutti i mezzi a disposizione\u201d.<\/p>\n\n\n\n<p>\u201cUn aspetto da non sottovalutare \u00e8 quello educativo, attraverso una battaglia culturale che dobbiamo consolidare nelle scuole. I giovani sono i futuri protagonisti delle azioni per il rispetto e la salvaguardia dell\u2019ambiente in Sardegna, a cominciare dalla lotta agli incendi\u201d, hanno concluso gli esponenti della Giunta Solinas.&nbsp;Com<\/p>\n","protected":false},"excerpt":{"rendered":"<p>Tempio Pausania (SS), 29 Lug 2020\u00a0\u2013 Alcuni anni dopo l\u2019incendio che nel 1983 divamp\u00f2 nelle colline intorno a Tempio Pausania, distruggendo oltre 18.000 ettari e&#8230;<\/p>\n","protected":false},"author":2,"featured_media":224991,"comment_status":"closed","ping_status":"open","sticky":false,"template":"","format":"standard","meta":[],"categories":[49,52],"tags":[],"_links":{"self":[{"href":"https:\/\/www.cronacaonline.it\/index.php\/wp-json\/wp\/v2\/posts\/224989"}],"collection":[{"href":"https:\/\/www.cronacaonline.it\/index.php\/wp-json\/wp\/v2\/posts"}],"about":[{"href":"https:\/\/www.cronacaonline.it\/index.php\/wp-json\/wp\/v2\/types\/post"}],"author":[{"embeddable":true,"href":"https:\/\/www.cronacaonline.it\/index.php\/wp-json\/wp\/v2\/users\/2"}],"replies":[{"embeddable":true,"href":"https:\/\/www.cronacaonline.it\/index.php\/wp-json\/wp\/v2\/comments?post=224989"}],"version-history":[{"count":1,"href":"https:\/\/www.cronacaonline.it\/index.php\/wp-json\/wp\/v2\/posts\/224989\/revisions"}],"predecessor-version":[{"id":224995,"href":"https:\/\/www.cronacaonline.it\/index.php\/wp-json\/wp\/v2\/posts\/224989\/revisions\/224995"}],"wp:featuredmedia":[{"embeddable":true,"href":"https:\/\/www.cronacaonline.it\/index.php\/wp-json\/wp\/v2\/media\/224991"}],"wp:attachment":[{"href":"https:\/\/www.cronacaonline.it\/index.php\/wp-json\/wp\/v2\/media?parent=224989"}],"wp:term":[{"taxonomy":"category","embeddable":true,"href":"https:\/\/www.cronacaonline.it\/index.php\/wp-json\/wp\/v2\/categories?post=224989"},{"taxonomy":"post_tag","embeddable":true,"href":"https:\/\/www.cronacaonline.it\/index.php\/wp-json\/wp\/v2\/tags?post=224989"}],"curies":[{"name":"wp","href":"https:\/\/api.w.org\/{rel}","templated":true}]}}