{"id":224987,"date":"2022-07-29T08:09:45","date_gmt":"2022-07-29T06:09:45","guid":{"rendered":"https:\/\/www.cronacaonline.it\/?p=224987"},"modified":"2022-07-29T08:09:47","modified_gmt":"2022-07-29T06:09:47","slug":"scritte-contro-landini-e-cgil-dichiarazione-di-romina-mura-pd-vandalismo-di-disperati","status":"publish","type":"post","link":"https:\/\/www.cronacaonline.it\/index.php\/2022\/07\/29\/scritte-contro-landini-e-cgil-dichiarazione-di-romina-mura-pd-vandalismo-di-disperati\/","title":{"rendered":"Scritte contro Landini e Cgil: dichiarazione di Romina Mura (Pd), vandalismo di disperati."},"content":{"rendered":"\n<p>Cagliari, 29 Lug 2022 - \u201cUn imbrattamento e minacce da condannare senza riserve e da perseguire con severit\u00e0, intollerabile in quanto prende di mira i rappresentanti dei lavoratori e ancora di pi\u00f9 per l\u2019attacco personale di cui \u00e8 fatto oggetto il segretario nazionale della Cgil.<\/p>\n\n\n\n<p>Una manifestazione di vandalismo di disperati, reiterati sussulti di violenza che mirano a turbare i cittadini ma che dimostrano solo l\u2019impotenza di gruppi estremisti che vorrebbero fomentare sofferenze sociali e ideologie residuali. Siamo solidali con chi si \u00e8 voluto intimidire, sapendo che un sindacato&nbsp;protagonista di battaglie di libert\u00e0 e diritti continuer\u00e0 con fermezza la sua opera sociale e democratica\u201d.<\/p>\n\n\n\n<p>Lo scrive in una nota la presidente della commissione Lavoro della Camera Romina Mura (Pd), dopo che a San Gavino Monreale \u00e8 stata imbrattata la sede della Cgil e l\u2019abitazione di un privato cittadino con scritte contro il sindacato e il suo segretario nazionale. Red<\/p>\n","protected":false},"excerpt":{"rendered":"<p>Cagliari, 29 Lug 2022 &#8211; \u201cUn imbrattamento e minacce da condannare senza riserve e da perseguire con severit\u00e0, intollerabile in quanto prende di mira i&#8230;<\/p>\n","protected":false},"author":2,"featured_media":211547,"comment_status":"closed","ping_status":"open","sticky":false,"template":"","format":"standard","meta":[],"categories":[49,52],"tags":[],"_links":{"self":[{"href":"https:\/\/www.cronacaonline.it\/index.php\/wp-json\/wp\/v2\/posts\/224987"}],"collection":[{"href":"https:\/\/www.cronacaonline.it\/index.php\/wp-json\/wp\/v2\/posts"}],"about":[{"href":"https:\/\/www.cronacaonline.it\/index.php\/wp-json\/wp\/v2\/types\/post"}],"author":[{"embeddable":true,"href":"https:\/\/www.cronacaonline.it\/index.php\/wp-json\/wp\/v2\/users\/2"}],"replies":[{"embeddable":true,"href":"https:\/\/www.cronacaonline.it\/index.php\/wp-json\/wp\/v2\/comments?post=224987"}],"version-history":[{"count":1,"href":"https:\/\/www.cronacaonline.it\/index.php\/wp-json\/wp\/v2\/posts\/224987\/revisions"}],"predecessor-version":[{"id":224988,"href":"https:\/\/www.cronacaonline.it\/index.php\/wp-json\/wp\/v2\/posts\/224987\/revisions\/224988"}],"wp:featuredmedia":[{"embeddable":true,"href":"https:\/\/www.cronacaonline.it\/index.php\/wp-json\/wp\/v2\/media\/211547"}],"wp:attachment":[{"href":"https:\/\/www.cronacaonline.it\/index.php\/wp-json\/wp\/v2\/media?parent=224987"}],"wp:term":[{"taxonomy":"category","embeddable":true,"href":"https:\/\/www.cronacaonline.it\/index.php\/wp-json\/wp\/v2\/categories?post=224987"},{"taxonomy":"post_tag","embeddable":true,"href":"https:\/\/www.cronacaonline.it\/index.php\/wp-json\/wp\/v2\/tags?post=224987"}],"curies":[{"name":"wp","href":"https:\/\/api.w.org\/{rel}","templated":true}]}}