{"id":224976,"date":"2022-07-28T16:05:36","date_gmt":"2022-07-28T14:05:36","guid":{"rendered":"https:\/\/www.cronacaonline.it\/?p=224976"},"modified":"2022-07-28T16:05:39","modified_gmt":"2022-07-28T14:05:39","slug":"centrale-enel-grazia-deledda-di-portovesme-assessori-pili-e-zedda-giovedi-4-agosto-tavolo-con-enel-per-discutere-il-futuro-dei-lavoratori","status":"publish","type":"post","link":"https:\/\/www.cronacaonline.it\/index.php\/2022\/07\/28\/centrale-enel-grazia-deledda-di-portovesme-assessori-pili-e-zedda-giovedi-4-agosto-tavolo-con-enel-per-discutere-il-futuro-dei-lavoratori\/","title":{"rendered":"Centrale Enel Grazia Deledda di Portovesme, assessori Pili e Zedda: \u201cgioved\u00ec 4 agosto tavolo con Enel per discutere il futuro dei lavoratori\u201d."},"content":{"rendered":"\n<p>Cagliari, 28 lug. Lug 2022\u00a0- \u00c8 convocato per gioved\u00ec 4 agosto alle ore 9 il tavolo con Enel, le Confederazioni sindacali e la rappresentanza delle ditte d\u2019appalto, volto a definire una prospettiva industriale in seguito alla chiusura prevista per il 2025 della centrale Grazia Deledda di Portovesme. Lo annunciano gli assessori dell\u2019Industria e del Lavoro, Anita Pili e Alessandra Zedda, a margine dell\u2019incontro tenuto oggi in videoconferenza con le Segreterie territoriali dei lavoratori metalmeccanici Fiom-Cgil, Fsm-Cisl, Uilm-Uil.<\/p>\n\n\n\n<p>Finalit\u00e0 del tavolo sar\u00e0 quella di consentire, nelle ipotesi di riconversione in altre attivit\u00e0 industriali, che la forza lavoro e le ditte d\u2019appalto arrivino preparate in modo da non interrompere la produttivit\u00e0 sia in termini di presidio industriale che per quanto riguarda l\u2019efficienza della forza lavoro. Questi sono i due obiettivi della Regione \u2013 spiega Anita Pili \u2013 da perseguire avviando un percorso congiunto tra gli assessorati dell\u2019Industria e del Lavoro, insieme alla societ\u00e0 e alle parti sindacali, per far s\u00ec che venga delineata la migliore prospettiva di sviluppo per il territorio, cos\u00ec da scongiurare il ricorso a soluzioni emergenziali, che rischiano di creare instabilit\u00e0 e nuova disoccupazione, in un territorio gi\u00e0 ampiamente in difficolt\u00e0 quale \u00e8 il Sulcis Iglesiente\u201d.<\/p>\n\n\n\n<figure class=\"wp-block-image size-full is-resized\"><img loading=\"lazy\" src=\"https:\/\/www.cronacaonline.it\/wp-content\/uploads\/2020\/07\/Assessore-Alessandra-Zedda_3.jpg\" alt=\"\" class=\"wp-image-192439\" width=\"729\" height=\"547\" srcset=\"https:\/\/www.cronacaonline.it\/wp-content\/uploads\/2020\/07\/Assessore-Alessandra-Zedda_3.jpg 600w, https:\/\/www.cronacaonline.it\/wp-content\/uploads\/2020\/07\/Assessore-Alessandra-Zedda_3-300x225.jpg 300w\" sizes=\"(max-width: 729px) 100vw, 729px\" \/><\/figure>\n\n\n\n<p>\u201cDa Enel \u2013 prosegue Pili \u2013 abbiamo avuto rassicurazioni in merito ad un accordo sulle aziende che ci consenta, con i sindacati delle ditte d\u2019appalto, di attivare un tavolo per consentire il reskill finalizzato a colmare le disparit\u00e0 tra l\u2019attivit\u00e0 lavorativa odierna e quella prevista per il futuro\u201d.<\/p>\n\n\n\n<p>\u201cLa Regione Sardegna \u2013 ha affermato l\u2019assessore Zedda \u2013 non si tira mai indietro quando si tratta di intervenire su fattori strategici per l\u2019economia come quello energetico: in questa fase \u00e8 fondamentale capire quali sono le reali intenzioni di Enel per il futuro dei lavoratori. L\u2019assessorato del Lavoro metter\u00e0 in campo tutti gli strumenti necessari per la loro riqualificazione professionale\u201d.<\/p>\n\n\n\n<p>\u201cLa Regione \u2013 concludono gli assessori Zedda e Pili \u2013 \u00e8 vicina ai lavoratori e alle loro famiglie. Vista l\u2019apertura da parte di Enel a lavorare insieme alle ditte d\u2019appalto per costruire il percorso di riconversione delle commesse anche dopo il 2025, laddove Enel mantenga il proprio presidio produttivo, \u00e8 importante che il percorso inizi da subito, per arrivare a soluzioni di prospettiva e non emergenziali\u201d. Com<\/p>\n","protected":false},"excerpt":{"rendered":"<p>Cagliari, 28 lug. Lug 2022\u00a0&#8211; \u00c8 convocato per gioved\u00ec 4 agosto alle ore 9 il tavolo con Enel, le Confederazioni sindacali e la rappresentanza delle&#8230;<\/p>\n","protected":false},"author":2,"featured_media":220043,"comment_status":"closed","ping_status":"open","sticky":false,"template":"","format":"standard","meta":[],"categories":[49,52],"tags":[],"_links":{"self":[{"href":"https:\/\/www.cronacaonline.it\/index.php\/wp-json\/wp\/v2\/posts\/224976"}],"collection":[{"href":"https:\/\/www.cronacaonline.it\/index.php\/wp-json\/wp\/v2\/posts"}],"about":[{"href":"https:\/\/www.cronacaonline.it\/index.php\/wp-json\/wp\/v2\/types\/post"}],"author":[{"embeddable":true,"href":"https:\/\/www.cronacaonline.it\/index.php\/wp-json\/wp\/v2\/users\/2"}],"replies":[{"embeddable":true,"href":"https:\/\/www.cronacaonline.it\/index.php\/wp-json\/wp\/v2\/comments?post=224976"}],"version-history":[{"count":1,"href":"https:\/\/www.cronacaonline.it\/index.php\/wp-json\/wp\/v2\/posts\/224976\/revisions"}],"predecessor-version":[{"id":224977,"href":"https:\/\/www.cronacaonline.it\/index.php\/wp-json\/wp\/v2\/posts\/224976\/revisions\/224977"}],"wp:featuredmedia":[{"embeddable":true,"href":"https:\/\/www.cronacaonline.it\/index.php\/wp-json\/wp\/v2\/media\/220043"}],"wp:attachment":[{"href":"https:\/\/www.cronacaonline.it\/index.php\/wp-json\/wp\/v2\/media?parent=224976"}],"wp:term":[{"taxonomy":"category","embeddable":true,"href":"https:\/\/www.cronacaonline.it\/index.php\/wp-json\/wp\/v2\/categories?post=224976"},{"taxonomy":"post_tag","embeddable":true,"href":"https:\/\/www.cronacaonline.it\/index.php\/wp-json\/wp\/v2\/tags?post=224976"}],"curies":[{"name":"wp","href":"https:\/\/api.w.org\/{rel}","templated":true}]}}