{"id":224963,"date":"2022-07-28T11:03:31","date_gmt":"2022-07-28T09:03:31","guid":{"rendered":"https:\/\/www.cronacaonline.it\/?p=224963"},"modified":"2022-07-28T11:03:34","modified_gmt":"2022-07-28T09:03:34","slug":"via-libera-allinsularita-in-costituzione-il-presidente-della-sardegna-grande-risultato-che-rende-la-sardegna-piu-forte-in-italia-e-in-europa-nelle-sue-giuste-rivendicazioni","status":"publish","type":"post","link":"https:\/\/www.cronacaonline.it\/index.php\/2022\/07\/28\/via-libera-allinsularita-in-costituzione-il-presidente-della-sardegna-grande-risultato-che-rende-la-sardegna-piu-forte-in-italia-e-in-europa-nelle-sue-giuste-rivendicazioni\/","title":{"rendered":"Via libera all\u2019insularit\u00e0 in costituzione, il presidente della Sardegna: \u201cgrande risultato che rende la Sardegna pi\u00f9 forte in Italia e in Europa nelle sue giuste rivendicazioni\u201d."},"content":{"rendered":"\n<p>Cagliari, 28 Lug 2022 \u2013\u00a0\u201cLa Sardegna \u00e8 oggi pi\u00f9 forte e capace far valere diritti troppo a lungo negati, per avere giuste compensazioni degli svantaggi che la condizione insulare comporta. Dopo il riconoscimento dell\u2019Europarlamento che ha votato la risoluzione Omarjee per i diritti delle Isole, frutto del lavoro della Regione Sarda, e ora sul piano nazionale con l\u2019inserimento dell\u2019insularit\u00e0 in Costituzione, siamo ancora pi\u00f9 determinati nell\u2019intento di tenere alto il nostro impegno per restituire alla nostra Isola, alla sua economia, ad ogni cittadino ci\u00f2 che fino ad oggi \u00e8 stato negato.\u00a0\u00a0Lo ha detto il Presidente della Regione della Sardegna esprimendo grande soddisfazione per il via libera della Camera dei Deputati \u2013 ultimo passaggio parlamentare previsto \u2013 al riconoscimento del principio di insularit\u00e0 nella Costituzione.<\/p>\n\n\n\n<p>Il Presidente, ricordando quanto fino a oggi ottenuto con i negoziati avviati nel corso della Legislatura, ha evidenziato la necessit\u00e0 di proseguire con la rivendicazione dei diritti della Sardegna sia a livello nazionale e sia a livello europeo. \u201cLo Stato deve essere nostro alleato in Europa, affinch\u00e9 possiamo portare avanti con unit\u00e0 e determinazione le rivendicazioni delle Isole a Bruxelles \u2013 ha detto - ma prima ancora dobbiamo essere in grado di sostanziare di contenuti chiarendo quanto prima i termini attuativi di questa rinnovata previsione costituzionale. Dobbiamo evitare \u2013 prosegue il Presidente - che la modifica costituzionale si risolva nell'ennesimo richiamo di principio sulla legislazione statale, privo di efficacia sostanziale: un'affermazione di principio ha bisogno di essere declinata nelle sue possibili articolazioni\u201d.<\/p>\n\n\n\n<p>In questa importante giornata il Presidente ha anche ricordato il percorso avviato sulle entrate che grazie agli accordi sanciti con il Governo porta in Sardegna complessivamente 1 miliardo e 600 milioni tra maggiori entrate e riduzione del contributo alla finanza pubblica.<\/p>\n\n\n\n<p>Guardando alle sfide europee, il capo della Giunta sarda ha invece spiegato ancora una volta come sia necessaria una revisione profonda della normativa europea per renderla pi\u00f9 rispondente alle sfide dei nostri territori, cos\u00ec come riconosciuto dallo stesso Europarlamento all\u2019inizio di luglio con l'approvazione della risoluzione Omarjee. \u201cLe regioni insulari \u2013 ha proseguito il Presidente - non sono una realt\u00e0 demografica marginale. Ospitano una popolazione totale di quasi 30 milioni di abitanti, pari a poco meno del 5% della popolazione dell\u2019UE, appartenenti a 13 Stati membri, dal Mediterraneo, al mar Baltico e al mare del Nord. Parlare di questi numeri equivale a descrivere uno Stato di medie dimensioni. Siamo dunque \u2013 ha evidenziato il Presidente - una tipologia territoriale che non pu\u00f2 continuare a essere trascurata dalle politiche dell\u2019Unione europea. Ed \u00e8 partendo da questa considerazione di base che dobbiamo continuare a batterci per ottenere pari condizioni\u201d.<\/p>\n\n\n\n<p>L\u2019insularit\u00e0 sar\u00e0 al centro della settimana europea delle regioni e delle citt\u00e0, il principale evento annuale dedicato alla politica regionale dell\u2019Unione europea: in qualit\u00e0 di capofila del partenariato delle Regioni insulari periferiche del Mediterraneo costituito da Corsica (Francia), Isole Baleari (Spagna), Gozo (Malta), Isole Ionie e Creta (Grecia), la Regione Sarda avr\u00e0 il compito di organizzare una conferenza politica di altissimo livello che verter\u00e0 sul tema dell'insularit\u00e0. Com<\/p>\n","protected":false},"excerpt":{"rendered":"<p>Cagliari, 28 Lug 2022 \u2013\u00a0\u201cLa Sardegna \u00e8 oggi pi\u00f9 forte e capace far valere diritti troppo a lungo negati, per avere giuste compensazioni degli svantaggi&#8230;<\/p>\n","protected":false},"author":2,"featured_media":187129,"comment_status":"closed","ping_status":"open","sticky":false,"template":"","format":"standard","meta":[],"categories":[49,52],"tags":[],"_links":{"self":[{"href":"https:\/\/www.cronacaonline.it\/index.php\/wp-json\/wp\/v2\/posts\/224963"}],"collection":[{"href":"https:\/\/www.cronacaonline.it\/index.php\/wp-json\/wp\/v2\/posts"}],"about":[{"href":"https:\/\/www.cronacaonline.it\/index.php\/wp-json\/wp\/v2\/types\/post"}],"author":[{"embeddable":true,"href":"https:\/\/www.cronacaonline.it\/index.php\/wp-json\/wp\/v2\/users\/2"}],"replies":[{"embeddable":true,"href":"https:\/\/www.cronacaonline.it\/index.php\/wp-json\/wp\/v2\/comments?post=224963"}],"version-history":[{"count":1,"href":"https:\/\/www.cronacaonline.it\/index.php\/wp-json\/wp\/v2\/posts\/224963\/revisions"}],"predecessor-version":[{"id":224964,"href":"https:\/\/www.cronacaonline.it\/index.php\/wp-json\/wp\/v2\/posts\/224963\/revisions\/224964"}],"wp:featuredmedia":[{"embeddable":true,"href":"https:\/\/www.cronacaonline.it\/index.php\/wp-json\/wp\/v2\/media\/187129"}],"wp:attachment":[{"href":"https:\/\/www.cronacaonline.it\/index.php\/wp-json\/wp\/v2\/media?parent=224963"}],"wp:term":[{"taxonomy":"category","embeddable":true,"href":"https:\/\/www.cronacaonline.it\/index.php\/wp-json\/wp\/v2\/categories?post=224963"},{"taxonomy":"post_tag","embeddable":true,"href":"https:\/\/www.cronacaonline.it\/index.php\/wp-json\/wp\/v2\/tags?post=224963"}],"curies":[{"name":"wp","href":"https:\/\/api.w.org\/{rel}","templated":true}]}}