{"id":224932,"date":"2022-07-27T13:49:51","date_gmt":"2022-07-27T11:49:51","guid":{"rendered":"https:\/\/www.cronacaonline.it\/?p=224932"},"modified":"2022-07-27T13:49:54","modified_gmt":"2022-07-27T11:49:54","slug":"vaiolo-delle-scimmie-primo-caso-in-sardegna-lassessore-nieddu-sistema-dallerta-funziona-ed-e-efficiente","status":"publish","type":"post","link":"https:\/\/www.cronacaonline.it\/index.php\/2022\/07\/27\/vaiolo-delle-scimmie-primo-caso-in-sardegna-lassessore-nieddu-sistema-dallerta-funziona-ed-e-efficiente\/","title":{"rendered":"Vaiolo delle scimmie, primo caso in Sardegna. L\u2019assessore Nieddu: \u201csistema d\u2019allerta funziona ed \u00e8 efficiente\u201d."},"content":{"rendered":"\n<p>Cagliari, 27 Lug 2022 \u2013 \u201cIl mio ringraziamento va ai medici e al personale del Santissima Trinit\u00e0, a cui \u00e8 da attribuire il merito di aver riconosciuto tempestivamente il problema e aver attivato tutte le precauzioni necessarie. Aver scoperto il caso dimostra come il sistema di allerta e rilevamento sia attivo e funzioni molto bene in Sardegna\u201d. Lo dichiara l\u2019assessore regionale della Sanit\u00e0, Mario Nieddu, in merito al caso di vaiolo delle scimmie rilevato in Sardegna, su un paziente di circa 40 anni, di nazionalit\u00e0 italiana, gi\u00e0 ricoverato per Covid all\u2019ospedale di Is Mirrionis.<\/p>\n\n\n\n<p>\u201cViste le lesioni cutanee il pneumologo ha richiesto una diagnosi clinica approfondita. \u00c8 stato quindi attivato il laboratorio dell\u2019Aou di Cagliari per eseguire i test sul materiale prelevato. In meno di dieci ore la conferma. \u00c8 il primo e unico caso accertato, attualmente \u00e8 in cura con terapia antivirale mirata ed \u00e8 in condizioni discrete. Verranno intanto estesi i controlli e valutati i contatti, ma attualmente la situazione non desta preoccupazioni\u201d. Com<\/p>\n","protected":false},"excerpt":{"rendered":"<p>Cagliari, 27 Lug 2022 \u2013 \u201cIl mio ringraziamento va ai medici e al personale del Santissima Trinit\u00e0, a cui \u00e8 da attribuire il merito di&#8230;<\/p>\n","protected":false},"author":2,"featured_media":209098,"comment_status":"closed","ping_status":"open","sticky":false,"template":"","format":"standard","meta":[],"categories":[49,52],"tags":[],"_links":{"self":[{"href":"https:\/\/www.cronacaonline.it\/index.php\/wp-json\/wp\/v2\/posts\/224932"}],"collection":[{"href":"https:\/\/www.cronacaonline.it\/index.php\/wp-json\/wp\/v2\/posts"}],"about":[{"href":"https:\/\/www.cronacaonline.it\/index.php\/wp-json\/wp\/v2\/types\/post"}],"author":[{"embeddable":true,"href":"https:\/\/www.cronacaonline.it\/index.php\/wp-json\/wp\/v2\/users\/2"}],"replies":[{"embeddable":true,"href":"https:\/\/www.cronacaonline.it\/index.php\/wp-json\/wp\/v2\/comments?post=224932"}],"version-history":[{"count":1,"href":"https:\/\/www.cronacaonline.it\/index.php\/wp-json\/wp\/v2\/posts\/224932\/revisions"}],"predecessor-version":[{"id":224933,"href":"https:\/\/www.cronacaonline.it\/index.php\/wp-json\/wp\/v2\/posts\/224932\/revisions\/224933"}],"wp:featuredmedia":[{"embeddable":true,"href":"https:\/\/www.cronacaonline.it\/index.php\/wp-json\/wp\/v2\/media\/209098"}],"wp:attachment":[{"href":"https:\/\/www.cronacaonline.it\/index.php\/wp-json\/wp\/v2\/media?parent=224932"}],"wp:term":[{"taxonomy":"category","embeddable":true,"href":"https:\/\/www.cronacaonline.it\/index.php\/wp-json\/wp\/v2\/categories?post=224932"},{"taxonomy":"post_tag","embeddable":true,"href":"https:\/\/www.cronacaonline.it\/index.php\/wp-json\/wp\/v2\/tags?post=224932"}],"curies":[{"name":"wp","href":"https:\/\/api.w.org\/{rel}","templated":true}]}}