{"id":224867,"date":"2022-07-26T14:46:37","date_gmt":"2022-07-26T12:46:37","guid":{"rendered":"https:\/\/www.cronacaonline.it\/?p=224867"},"modified":"2022-07-26T14:46:40","modified_gmt":"2022-07-26T12:46:40","slug":"morte-giorgio-oppi-il-presidente-della-sardegna-piango-un-amico-politico-generoso-che-ha-amato-la-sua-terra-profondo-cordoglio-la-sardegna-perde-una-figura-centrale","status":"publish","type":"post","link":"https:\/\/www.cronacaonline.it\/index.php\/2022\/07\/26\/morte-giorgio-oppi-il-presidente-della-sardegna-piango-un-amico-politico-generoso-che-ha-amato-la-sua-terra-profondo-cordoglio-la-sardegna-perde-una-figura-centrale\/","title":{"rendered":"Morte Giorgio Oppi, il presidente della Sardegna: \u201cpiango un amico. Politico generoso che ha amato la sua terra. Profondo cordoglio, la Sardegna perde una figura centrale\u201d."},"content":{"rendered":"\n<p>Cagliari, 26 Lug 2022 -\u00a0Profondo cordoglio, dolore e tristezza. Con questi sentimenti il Presidente della Regione Sardegna ha appreso la notizia della scomparsa del leader dell'Udc Giorgio Oppi. \u201cUn uomo al quale mi legava un'antica, profonda amicizia, un interlocutore e un alleato leale, autorevole, di grandissima esperienza, alla quale, fin dai miei primi passi nella politica, ho guardato con stima e amicizia\u201d, dice il Presidente. \u201cLa Sardegna intera, non solo il mondo politico, oggi perde una figura centrale, straordinario esperto delle Istituzioni, che mancher\u00e0 e rester\u00e0 nel ricordo di tutti. Il suo impegno costante nelle pi\u00f9 grandi battaglie della Sardegna resta un ricordo vivo, una traccia indelebile del suo operato\u201d.\u00a0<\/p>\n\n\n\n<p>Il Presidente ricorda il lungo percorso nelle istituzioni, che lo ha visto sempre attivo e tenace protagonista di tante stagioni politiche e dei momenti pi\u00f9 delicati che hanno segnato la storia dell\u2019Autonomia sarda e della nostra societ\u00e0. \u201cCombattivo, mai arrendevole o remissivo, forte nell'animo, \u00e8 stato uomo del dialogo che ha saputo mettere da parte egoismi e personalismi per privilegiare il bene pubblico. Giorgio Oppi \u2013 prosegue il Presidente - ha incarnato al meglio la figura del \u2018politico vicino alla gente\u2019. Iniziando la sua attivit\u00e0 politica nella DC, per poi confluire nel CCD e nell\u2019Unione di Centro, partito che ha animato fino alla fine con passione, straordinario entusiasmo e grande preparazione, \u00e8 stato uno dei personaggi politici sardi di maggior rilievo e spessore. \u00c8 stato consigliere comunale, regionale, due volte Assessore, deputato, ancora consigliere regionale, contribuendo ad arricchire il dibattito politico e a veicolare temi di primaria importanza per la regione, sostenendo settori chiave della nostra economia. Sempre pronto all\u2019ascolto, non ha mai perso il legame con il suo territorio d\u2019origine, il Sulcis, n\u00e9 il senso di appartenenza alla Comunit\u00e0\u201d.<\/p>\n\n\n\n<p>Oppi, conclude il Presidente, \u201cha saputo segnare la storia della Sardegna e le sue vicende politiche con la sua personalit\u00e0, attento alle evoluzioni di una societ\u00e0 in continuo mutamento eppure cos\u00ec intimamente legato alle tradizioni e alla cultura sarda.&nbsp;Rester\u00e0 nel ricordo di tutti anche per la sua bont\u00e0 d\u2019animo, la sua generosit\u00e0 e per quelle caratteristiche personali \u2013 prima fra tutte l\u2019ironia, sempre usata con fine intelligenza - che ne hanno saputo fare un grande uomo e un grande figlio della sua Sardegna\u201d. Com<\/p>\n","protected":false},"excerpt":{"rendered":"<p>Cagliari, 26 Lug 2022 &#8211;\u00a0Profondo cordoglio, dolore e tristezza. Con questi sentimenti il Presidente della Regione Sardegna ha appreso la notizia della scomparsa del leader&#8230;<\/p>\n","protected":false},"author":2,"featured_media":224868,"comment_status":"closed","ping_status":"open","sticky":false,"template":"","format":"standard","meta":[],"categories":[49,52],"tags":[],"_links":{"self":[{"href":"https:\/\/www.cronacaonline.it\/index.php\/wp-json\/wp\/v2\/posts\/224867"}],"collection":[{"href":"https:\/\/www.cronacaonline.it\/index.php\/wp-json\/wp\/v2\/posts"}],"about":[{"href":"https:\/\/www.cronacaonline.it\/index.php\/wp-json\/wp\/v2\/types\/post"}],"author":[{"embeddable":true,"href":"https:\/\/www.cronacaonline.it\/index.php\/wp-json\/wp\/v2\/users\/2"}],"replies":[{"embeddable":true,"href":"https:\/\/www.cronacaonline.it\/index.php\/wp-json\/wp\/v2\/comments?post=224867"}],"version-history":[{"count":1,"href":"https:\/\/www.cronacaonline.it\/index.php\/wp-json\/wp\/v2\/posts\/224867\/revisions"}],"predecessor-version":[{"id":224869,"href":"https:\/\/www.cronacaonline.it\/index.php\/wp-json\/wp\/v2\/posts\/224867\/revisions\/224869"}],"wp:featuredmedia":[{"embeddable":true,"href":"https:\/\/www.cronacaonline.it\/index.php\/wp-json\/wp\/v2\/media\/224868"}],"wp:attachment":[{"href":"https:\/\/www.cronacaonline.it\/index.php\/wp-json\/wp\/v2\/media?parent=224867"}],"wp:term":[{"taxonomy":"category","embeddable":true,"href":"https:\/\/www.cronacaonline.it\/index.php\/wp-json\/wp\/v2\/categories?post=224867"},{"taxonomy":"post_tag","embeddable":true,"href":"https:\/\/www.cronacaonline.it\/index.php\/wp-json\/wp\/v2\/tags?post=224867"}],"curies":[{"name":"wp","href":"https:\/\/api.w.org\/{rel}","templated":true}]}}