{"id":224863,"date":"2022-07-26T14:39:51","date_gmt":"2022-07-26T12:39:51","guid":{"rendered":"https:\/\/www.cronacaonline.it\/?p=224863"},"modified":"2022-07-26T14:39:53","modified_gmt":"2022-07-26T12:39:53","slug":"consorzi-di-bonifica-lassessore-fasolino-impegno-della-regione-per-superare-problema-energetico-ed-estendere-la-superficie-irrigua","status":"publish","type":"post","link":"https:\/\/www.cronacaonline.it\/index.php\/2022\/07\/26\/consorzi-di-bonifica-lassessore-fasolino-impegno-della-regione-per-superare-problema-energetico-ed-estendere-la-superficie-irrigua\/","title":{"rendered":"Consorzi di bonifica, l\u2019assessore Fasolino: \u201cimpegno della regione per superare problema energetico ed estendere la superficie irrigua\u201d."},"content":{"rendered":"\n<p>Cagliari, 26 Lug 2022 \u2013\u00a0La Regione \u00e8 al fianco dei Consorzi di bonifica e pronta a intervenire contro il caro energia non solo con risorse ad hoc ma anche con l\u2019istituzione di un tavolo tecnico che sia di supporto per superare la fase emergenziale e programmare una strategia futura che riguardi tutti i Consorzi di bonifica della Sardegna. Lo ha detto l\u2019Assessore della Programmazione e del Bilancio, Giuseppe Fasolino, nel corso del convegno organizzato dall\u2019Anbi, Associazione Nazionale Consorzi di gestione e tutela del territorio e acque irrigue, sul caro energia. \u201c\u00c8 fondamentale risolvere il problema energetico, cos\u00ec come estendere la superficie irrigua: sono questi i progetti a cui punta la Regione \u2013 ha spiegato l\u2019Assessore Fasolino - Si tratta di due punti strategici in grado di creare economia e sviluppo. Dobbiamo fare in modo che i Consorzi facciano Rete, la Regione \u00e8 al loro fianco in questa importante sfida di modernizzazione e sviluppo\u201d.<\/p>\n\n\n\n<p>Guardando alla fase emergenziale, da superare, ha detto l\u2019Assessore, \u201ccon un modello unico capace di puntare sul futuro\u201d, la Regione garantir\u00e0 un\u2019adeguata copertura finanziaria come gi\u00e0 ha fatto con la legge di stabilit\u00e0, andando ora a prevedere nuove risorse attraverso la legge Omnibus e contestualmente si far\u00e0 soggetto promotore di una necessaria collaborazione che partendo dall\u2019istituzione di un tavolo tecnico andr\u00e0 a risolvere le criticit\u00e0 legate appunto al caro energia. \u201cL\u2019individuazione e poi l\u2019adozione di un modello virtuoso che possa essere adattato a tutti i Consorzi \u00e8 la strada maestra\u201d, ha proseguito l\u2019Assessore Fasolino.<\/p>\n\n\n\n<p>\u201cL\u2019aspetto emergenziale deve riguardare il passato \u2013 ha evidenziato \u2013 Oggi i Consorzi di bonifica sono gi\u00e0 orientati al futuro del settore e gli interventi odierni ne sono la testimonianza. I modelli virtuosi esistono, dobbiamo prenderli come esempio e farli diventare progetti pilota in grado di assicurare l\u2019autonomia energetica\u201d, ha concluso l\u2019Assessore Fasolino riferendosi al progetto del Consorzio di Bonifica di Oristano che prevede un accumulo di energia con pannelli fotovoltaici nei canali consortili, progetto con cui riuscirebbe ad azzerare i costi e creare economie da immettere nuovamente al servizio del mondo delle campagne\u201d.&nbsp;Com<\/p>\n","protected":false},"excerpt":{"rendered":"<p>Cagliari, 26 Lug 2022 \u2013\u00a0La Regione \u00e8 al fianco dei Consorzi di bonifica e pronta a intervenire contro il caro energia non solo con risorse&#8230;<\/p>\n","protected":false},"author":2,"featured_media":223998,"comment_status":"closed","ping_status":"open","sticky":false,"template":"","format":"standard","meta":[],"categories":[49,52],"tags":[],"_links":{"self":[{"href":"https:\/\/www.cronacaonline.it\/index.php\/wp-json\/wp\/v2\/posts\/224863"}],"collection":[{"href":"https:\/\/www.cronacaonline.it\/index.php\/wp-json\/wp\/v2\/posts"}],"about":[{"href":"https:\/\/www.cronacaonline.it\/index.php\/wp-json\/wp\/v2\/types\/post"}],"author":[{"embeddable":true,"href":"https:\/\/www.cronacaonline.it\/index.php\/wp-json\/wp\/v2\/users\/2"}],"replies":[{"embeddable":true,"href":"https:\/\/www.cronacaonline.it\/index.php\/wp-json\/wp\/v2\/comments?post=224863"}],"version-history":[{"count":1,"href":"https:\/\/www.cronacaonline.it\/index.php\/wp-json\/wp\/v2\/posts\/224863\/revisions"}],"predecessor-version":[{"id":224864,"href":"https:\/\/www.cronacaonline.it\/index.php\/wp-json\/wp\/v2\/posts\/224863\/revisions\/224864"}],"wp:featuredmedia":[{"embeddable":true,"href":"https:\/\/www.cronacaonline.it\/index.php\/wp-json\/wp\/v2\/media\/223998"}],"wp:attachment":[{"href":"https:\/\/www.cronacaonline.it\/index.php\/wp-json\/wp\/v2\/media?parent=224863"}],"wp:term":[{"taxonomy":"category","embeddable":true,"href":"https:\/\/www.cronacaonline.it\/index.php\/wp-json\/wp\/v2\/categories?post=224863"},{"taxonomy":"post_tag","embeddable":true,"href":"https:\/\/www.cronacaonline.it\/index.php\/wp-json\/wp\/v2\/tags?post=224863"}],"curies":[{"name":"wp","href":"https:\/\/api.w.org\/{rel}","templated":true}]}}