{"id":224832,"date":"2022-07-25T19:39:34","date_gmt":"2022-07-25T17:39:34","guid":{"rendered":"https:\/\/www.cronacaonline.it\/?p=224832"},"modified":"2022-07-25T19:39:36","modified_gmt":"2022-07-25T17:39:36","slug":"bosa-il-presidente-della-sardegna-incontra-gli-amministratori-della-planargia-accordo-di-programma-per-il-territorio-per-favorire-sviluppo-e-occupazione","status":"publish","type":"post","link":"https:\/\/www.cronacaonline.it\/index.php\/2022\/07\/25\/bosa-il-presidente-della-sardegna-incontra-gli-amministratori-della-planargia-accordo-di-programma-per-il-territorio-per-favorire-sviluppo-e-occupazione\/","title":{"rendered":"Bosa, il presidente della Sardegna incontra gli amministratori della Planargia. Accordo di programma per il territorio per favorire sviluppo e occupazione."},"content":{"rendered":"\n<p>Bosa (Nu), 25 Lug 2022 - \u201c\u00c8 importante \u2013 ha detto il Presidente \u2013 un continuo confronto tra i territori e la Regione, che vuole essere sempre pi\u00f9 vicina e attenta alle reali esigenze dei cittadini, dei quali i sindaci e gli amministratori, con il loro impegno quotidiano, sono interpreti\u201d.<\/p>\n\n\n\n<p>Sanit\u00e0, servizi, infrastrutture, sostegno al lavoro sono stati al centro del confronto.<\/p>\n\n\n\n<p>\u201cLa Regione vuole essere sempre pi\u00f9 presente e pi\u00f9 vicina \u2013 ha detto il Presidente &nbsp;\u2013. L'accordo raggiunto nel 2019 con il Governo sulla annosa vertenza entrate consente di contare su maggiori disponibilit\u00e0 per interventi mirati. Si tratta, ha ricordato il Presidente, di un miliardo e 600 milioni per opere infrastrutturali e 384 milioni di sconto sui trasferimenti. Questo ci consente di liberare maggiori risorse rispetto al passato. Abbiamo rimesso in ordine i conti della Regione in ordine e accresciuto la nostra capacit\u00e0 di spesa, ha detto. Temi condivisi con i sindaci dei 9 comuni dell'unione della Planargia. Particolare attenzione \u00e8 stata dedicata alla sanit\u00e0, e alla grande importanza rivestita dall'ospedale Mastino, presidio di qualit\u00e0 sul quale la Regione ha gi\u00e0 messo in atto importanti investimenti infrastrutturali e tecnologici. Dobbiamo fare passi da gigante per rimediare ai troppi errori del passato, che avevano condannato i piccoli ospedali ad un rapido impoverimento quantitativo e qualitativo dei servizi. Per anni \u2013 ha detto il Presidente \u2013 il blocco del turn over e le mancate chiamate per la medicina generale hanno causato una grave carenza di organici\u201d.<\/p>\n\n\n\n<p>\u201cLa riforma di questa Giunta \u2013 ha proseguito, afferma l'importanza dei presidi decentrati. Alla cronica carenza di medici, ha aggiunto, stiamo cercando di rimediare con un aumento delle borse di studio, che abbiamo moltiplicato, cos\u00ec come siamo intervenuti con gli incentivi economici per favorire la scelta dei medici in favore delle piccole realt\u00e0. Nel frattempo, sono stati banditi o gi\u00e0 programmati concorsi per 1800 assunzioni\u201d.<\/p>\n\n\n\n<p>Non solo sanit\u00e0, ma anche turismo, infrastrutture, viabilit\u00e0 al centro degli incontri della giornata, dedicati dal Presidente all'incontro con i cittadini e con i rappresentanti di varie categorie. Il Presidente ha anche visitato la locale stazione del Corpo Forestale regionale. La visita a Bosa \u00e8 stata inoltre l'occasione per illustrare gli interventi finanziati dalla Regione per la messa in sicurezza del Temo, per un investimento complessivo di dieci milioni e cinquecentomila euro. Entro fine anno verr\u00e0 bandita la gara d\u2019appalto per i lavori di arginatura che cominceranno entro il 2023. \u00c8 stato gi\u00e0 approvato il progetto definitivo ed \u00e8 in fase di approvazione&nbsp;quello esecutivo a seguito della quale si proceder\u00e0 all'espletamento delle procedure di appalto.<\/p>\n\n\n\n<p>\u201cSi tratta \u2013 ha concluso il presidente sardo \u2013 di un importante intervento di mitigazione del rischio connesso al dissesto idrogeologico e di valorizzazione dell'intera l'area\u201d. Com<\/p>\n","protected":false},"excerpt":{"rendered":"<p>Bosa (Nu), 25 Lug 2022 &#8211; \u201c\u00c8 importante \u2013 ha detto il Presidente \u2013 un continuo confronto tra i territori e la Regione, che vuole&#8230;<\/p>\n","protected":false},"author":2,"featured_media":187128,"comment_status":"closed","ping_status":"open","sticky":false,"template":"","format":"standard","meta":[],"categories":[49,52],"tags":[],"_links":{"self":[{"href":"https:\/\/www.cronacaonline.it\/index.php\/wp-json\/wp\/v2\/posts\/224832"}],"collection":[{"href":"https:\/\/www.cronacaonline.it\/index.php\/wp-json\/wp\/v2\/posts"}],"about":[{"href":"https:\/\/www.cronacaonline.it\/index.php\/wp-json\/wp\/v2\/types\/post"}],"author":[{"embeddable":true,"href":"https:\/\/www.cronacaonline.it\/index.php\/wp-json\/wp\/v2\/users\/2"}],"replies":[{"embeddable":true,"href":"https:\/\/www.cronacaonline.it\/index.php\/wp-json\/wp\/v2\/comments?post=224832"}],"version-history":[{"count":1,"href":"https:\/\/www.cronacaonline.it\/index.php\/wp-json\/wp\/v2\/posts\/224832\/revisions"}],"predecessor-version":[{"id":224833,"href":"https:\/\/www.cronacaonline.it\/index.php\/wp-json\/wp\/v2\/posts\/224832\/revisions\/224833"}],"wp:featuredmedia":[{"embeddable":true,"href":"https:\/\/www.cronacaonline.it\/index.php\/wp-json\/wp\/v2\/media\/187128"}],"wp:attachment":[{"href":"https:\/\/www.cronacaonline.it\/index.php\/wp-json\/wp\/v2\/media?parent=224832"}],"wp:term":[{"taxonomy":"category","embeddable":true,"href":"https:\/\/www.cronacaonline.it\/index.php\/wp-json\/wp\/v2\/categories?post=224832"},{"taxonomy":"post_tag","embeddable":true,"href":"https:\/\/www.cronacaonline.it\/index.php\/wp-json\/wp\/v2\/tags?post=224832"}],"curies":[{"name":"wp","href":"https:\/\/api.w.org\/{rel}","templated":true}]}}