{"id":224826,"date":"2022-07-25T17:41:52","date_gmt":"2022-07-25T15:41:52","guid":{"rendered":"https:\/\/www.cronacaonline.it\/?p=224826"},"modified":"2022-07-25T17:41:56","modified_gmt":"2022-07-25T15:41:56","slug":"consiglio-sardegna-commissioni-il-calendario-della-settimana-23","status":"publish","type":"post","link":"https:\/\/www.cronacaonline.it\/index.php\/2022\/07\/25\/consiglio-sardegna-commissioni-il-calendario-della-settimana-23\/","title":{"rendered":"Consiglio Sardegna &#8211; Commissioni: il calendario della settimana."},"content":{"rendered":"\n<p><\/p>\n\n\n\n<p>Cagliari, 25 Lug 2022 \u2013 L\u2019attivit\u00e0 delle commissioni consiliari permanenti riprender\u00e0 mercoled\u00ec 27 luglio alle 11.00 con la seduta della commissione Attivit\u00e0 produttive presieduta da Piero Maieli (Psd\u2019Az). All\u2019ordine del giorno le audizioni di Anci Sardegna sull\u2019utilizzo delle aree minerarie dismesse (Pl 300) e dell\u2019assessore dell\u2019Agricoltura Gabriella Murgia che, con le rappresentanze del mondo agricolo (Coldiretti, Confagricoltura, Copagri e Cia), discuter\u00e0 le proposte di snellimento e semplificazione delle procedure legate agli aiuti regionali destinati alle imprese del comparto.<\/p>\n\n\n\n<p>Il giorno successivo (gioved\u00ec 28 luglio) alle 10.00 la commissione Lavori pubblici presieduta da Giuseppe Talanas (Forza Italia) sar\u00e0 impegnata nelle discussione del Testo unico sull\u2019assegnazione e gestione degli alloggi di edilizia residenziale pubblica.<\/p>\n","protected":false},"excerpt":{"rendered":"<p>Cagliari, 25 Lug 2022 \u2013 L\u2019attivit\u00e0 delle commissioni consiliari permanenti riprender\u00e0 mercoled\u00ec 27 luglio alle 11.00 con la seduta della commissione Attivit\u00e0 produttive presieduta da&#8230;<\/p>\n","protected":false},"author":2,"featured_media":211961,"comment_status":"closed","ping_status":"open","sticky":false,"template":"","format":"standard","meta":[],"categories":[49,52],"tags":[],"_links":{"self":[{"href":"https:\/\/www.cronacaonline.it\/index.php\/wp-json\/wp\/v2\/posts\/224826"}],"collection":[{"href":"https:\/\/www.cronacaonline.it\/index.php\/wp-json\/wp\/v2\/posts"}],"about":[{"href":"https:\/\/www.cronacaonline.it\/index.php\/wp-json\/wp\/v2\/types\/post"}],"author":[{"embeddable":true,"href":"https:\/\/www.cronacaonline.it\/index.php\/wp-json\/wp\/v2\/users\/2"}],"replies":[{"embeddable":true,"href":"https:\/\/www.cronacaonline.it\/index.php\/wp-json\/wp\/v2\/comments?post=224826"}],"version-history":[{"count":1,"href":"https:\/\/www.cronacaonline.it\/index.php\/wp-json\/wp\/v2\/posts\/224826\/revisions"}],"predecessor-version":[{"id":224827,"href":"https:\/\/www.cronacaonline.it\/index.php\/wp-json\/wp\/v2\/posts\/224826\/revisions\/224827"}],"wp:featuredmedia":[{"embeddable":true,"href":"https:\/\/www.cronacaonline.it\/index.php\/wp-json\/wp\/v2\/media\/211961"}],"wp:attachment":[{"href":"https:\/\/www.cronacaonline.it\/index.php\/wp-json\/wp\/v2\/media?parent=224826"}],"wp:term":[{"taxonomy":"category","embeddable":true,"href":"https:\/\/www.cronacaonline.it\/index.php\/wp-json\/wp\/v2\/categories?post=224826"},{"taxonomy":"post_tag","embeddable":true,"href":"https:\/\/www.cronacaonline.it\/index.php\/wp-json\/wp\/v2\/tags?post=224826"}],"curies":[{"name":"wp","href":"https:\/\/api.w.org\/{rel}","templated":true}]}}