{"id":224754,"date":"2022-07-23T10:28:18","date_gmt":"2022-07-23T08:28:18","guid":{"rendered":"https:\/\/www.cronacaonline.it\/?p=224754"},"modified":"2022-07-23T10:28:20","modified_gmt":"2022-07-23T08:28:20","slug":"bosa-assessore-salaris-a-regione-sardegna-accelera-le-procedure-per-lintervento-di-arginatura-del-fiume-temo","status":"publish","type":"post","link":"https:\/\/www.cronacaonline.it\/index.php\/2022\/07\/23\/bosa-assessore-salaris-a-regione-sardegna-accelera-le-procedure-per-lintervento-di-arginatura-del-fiume-temo\/","title":{"rendered":"Bosa, Assessore Salaris: a Regione Sardegna accelera le procedure per l\u2019intervento di arginatura del fiume temo."},"content":{"rendered":"\n<p>Cagliari, 23 Lug 2022 \u2013\u00a0La Regione si appresta ad avviare la fase conclusiva delle procedure propedeutica all\u2019avvio dell\u2019intervento di messa in sicurezza del Temo, nel Comune di Bosa, per un investimento complessivo di dieci milioni e cinquecentomila euro. Entro fine anno verr\u00e0 bandita la gara d\u2019appalto per i lavori di arginatura che cominceranno presumibilmente entro il 2023. \u00c8 stato gi\u00e0 approvato il progetto definitivo ed \u00e8 in fase di approvazione\u00a0quello esecutivo a seguito della quale si proceder\u00e0 all'espletamento delle procedure di appalto.<\/p>\n\n\n\n<p>\u201cSi tratta di un importante intervento di mitigazione del rischio connesso al dissesto idrogeologico \u2013 spiega l\u2019Assessore dei Lavori Pubblici, Aldo Salaris \u2013 Realizzando nuovi argini sulla sponda destra del Temo nel tratto compreso fra il rio Su Seggiu e la zona Santu L\u00f2, elementi di contenimento delle piene del fiume, andiamo a incidere sulla vulnerabilit\u00e0 e quindi a ridurre il rischio di eventuali danni in caso di fenomeni meteorologici avversi nell'area del centro urbano del Comune di Bosa. Si tratta infatti -&nbsp;&nbsp;prosegue l\u2019esponente della Giunta sarda - di una misura strutturale finalizzata a ridurre significativamente il rischio di inondazioni\u201d. Il completamento delle procedure a cui sta lavorando l'Ufficio di supporto al Commissario di Governo per il Contrasto al Dissesto Idrogeologico&nbsp;che fa capo all\u2019Assessorato dei lavori Pubblici.<\/p>\n\n\n\n<p>\"Grande attenzione verr\u00e0 posta al contesto urbano e ambientale, di particolare pregio, nel quale si inseriscono gli interventi, che - ricorda l'Assessore - rappresenta una unicit\u00e0 nel panorama regionale. Per tale motivo gli interventi verranno realizzati attraverso l'utilizzo di materiali naturali gi\u00e0 in uso nelle difese spondali esistenti e con tecniche di ingegneria naturalistica\", ha concluso l\u2019esponente dell\u2019Esecutivo sardo. Com<\/p>\n","protected":false},"excerpt":{"rendered":"<p>Cagliari, 23 Lug 2022 \u2013\u00a0La Regione si appresta ad avviare la fase conclusiva delle procedure propedeutica all\u2019avvio dell\u2019intervento di messa in sicurezza del Temo, nel&#8230;<\/p>\n","protected":false},"author":2,"featured_media":213611,"comment_status":"closed","ping_status":"open","sticky":false,"template":"","format":"standard","meta":[],"categories":[49,52],"tags":[],"_links":{"self":[{"href":"https:\/\/www.cronacaonline.it\/index.php\/wp-json\/wp\/v2\/posts\/224754"}],"collection":[{"href":"https:\/\/www.cronacaonline.it\/index.php\/wp-json\/wp\/v2\/posts"}],"about":[{"href":"https:\/\/www.cronacaonline.it\/index.php\/wp-json\/wp\/v2\/types\/post"}],"author":[{"embeddable":true,"href":"https:\/\/www.cronacaonline.it\/index.php\/wp-json\/wp\/v2\/users\/2"}],"replies":[{"embeddable":true,"href":"https:\/\/www.cronacaonline.it\/index.php\/wp-json\/wp\/v2\/comments?post=224754"}],"version-history":[{"count":1,"href":"https:\/\/www.cronacaonline.it\/index.php\/wp-json\/wp\/v2\/posts\/224754\/revisions"}],"predecessor-version":[{"id":224755,"href":"https:\/\/www.cronacaonline.it\/index.php\/wp-json\/wp\/v2\/posts\/224754\/revisions\/224755"}],"wp:featuredmedia":[{"embeddable":true,"href":"https:\/\/www.cronacaonline.it\/index.php\/wp-json\/wp\/v2\/media\/213611"}],"wp:attachment":[{"href":"https:\/\/www.cronacaonline.it\/index.php\/wp-json\/wp\/v2\/media?parent=224754"}],"wp:term":[{"taxonomy":"category","embeddable":true,"href":"https:\/\/www.cronacaonline.it\/index.php\/wp-json\/wp\/v2\/categories?post=224754"},{"taxonomy":"post_tag","embeddable":true,"href":"https:\/\/www.cronacaonline.it\/index.php\/wp-json\/wp\/v2\/tags?post=224754"}],"curies":[{"name":"wp","href":"https:\/\/api.w.org\/{rel}","templated":true}]}}