{"id":224752,"date":"2022-07-23T10:25:55","date_gmt":"2022-07-23T08:25:55","guid":{"rendered":"https:\/\/www.cronacaonline.it\/?p=224752"},"modified":"2022-07-23T10:25:58","modified_gmt":"2022-07-23T08:25:58","slug":"trenino-verde-assessore-todde-62-milioni-di-euro-per-le-linee-ferroviarie-turistiche-accordo-regione-arst-rfi","status":"publish","type":"post","link":"https:\/\/www.cronacaonline.it\/index.php\/2022\/07\/23\/trenino-verde-assessore-todde-62-milioni-di-euro-per-le-linee-ferroviarie-turistiche-accordo-regione-arst-rfi\/","title":{"rendered":"Trenino verde, Assessore Todde: 62 milioni di euro per le linee ferroviarie turistiche: accordo Regione-Arst-Rfi."},"content":{"rendered":"\n<p>Cagliari, 23 luglio 2022 \u2013\u00a0Via libera al piano di investimenti da 62 milioni di euro per la realizzazione dei lavori sulle linee ferroviarie sarde destinate a uso turistico di propriet\u00e0 della Regione e affidate in gestione all\u2019Arst. Si tratta delle quattro tratte storiche del Trenino verde: Isili-Sorgono, Mandas-Arbatax, Macomer-Bosa\u00a0e Sassari-Tempio-Palau. Lo ha deciso la Giunta regionale che, con una delibera proposta dell\u2019assessore dei Trasporti, Giorgio Todde, ha approvato l\u2019accordo tra Regione, Arst e Rete ferroviaria italiana per attuare gli interventi finanziati con le risorse del Fondo complementare del Pnrr.<\/p>\n\n\n\n<p>\u201cL\u2019accordo con Arst e Rfi \u2013 sottolinea in una nota l\u2019assessore Todde \u2013 rientra in un progetto di rilancio complessivo delle attivit\u00e0 del Trenino verde che la Giunta sta portando avanti da tempo. La nostra rete ferroviaria turistica, oltre a rappresentare un importante punto di riferimento culturale e storico, ha ancora enormi potenzialit\u00e0 di sviluppo in chiave turistica e anche in funzione anti spopolamento e di salvaguardia delle zone interne dell\u2019Isola. Questo massiccio piano di investimenti ci consentir\u00e0 di rendere il servizio pi\u00f9 moderno ed efficiente promuovendo i valori ambientali e naturalistici e gli aspetti pi\u00f9 genuini della Sardegna\u201d.&nbsp;<\/p>\n\n\n\n<p>\u201cIl Trenino verde \u00e8 un patrimonio storico e identitario della Sardegna \u2013 aggiunge il presidente della Regione \u2013 che la Regione sta rilanciando e valorizzando perch\u00e9 rappresenta un importante veicolo di promozione dell\u2019immagine dell\u2019Isola e una fonte di sviluppo per l\u2019intera economia, non solo per i territori in cui ricade il percorso. Con queste risorse potremo potenziare il servizio e rafforzare ulteriormente la nostra gi\u00e0 ricca e diversificata offerta turistica\u201d. Com<\/p>\n","protected":false},"excerpt":{"rendered":"<p>Cagliari, 23 luglio 2022 \u2013\u00a0Via libera al piano di investimenti da 62 milioni di euro per la realizzazione dei lavori sulle linee ferroviarie sarde destinate&#8230;<\/p>\n","protected":false},"author":2,"featured_media":221699,"comment_status":"closed","ping_status":"open","sticky":false,"template":"","format":"standard","meta":[],"categories":[49,52],"tags":[],"_links":{"self":[{"href":"https:\/\/www.cronacaonline.it\/index.php\/wp-json\/wp\/v2\/posts\/224752"}],"collection":[{"href":"https:\/\/www.cronacaonline.it\/index.php\/wp-json\/wp\/v2\/posts"}],"about":[{"href":"https:\/\/www.cronacaonline.it\/index.php\/wp-json\/wp\/v2\/types\/post"}],"author":[{"embeddable":true,"href":"https:\/\/www.cronacaonline.it\/index.php\/wp-json\/wp\/v2\/users\/2"}],"replies":[{"embeddable":true,"href":"https:\/\/www.cronacaonline.it\/index.php\/wp-json\/wp\/v2\/comments?post=224752"}],"version-history":[{"count":1,"href":"https:\/\/www.cronacaonline.it\/index.php\/wp-json\/wp\/v2\/posts\/224752\/revisions"}],"predecessor-version":[{"id":224753,"href":"https:\/\/www.cronacaonline.it\/index.php\/wp-json\/wp\/v2\/posts\/224752\/revisions\/224753"}],"wp:featuredmedia":[{"embeddable":true,"href":"https:\/\/www.cronacaonline.it\/index.php\/wp-json\/wp\/v2\/media\/221699"}],"wp:attachment":[{"href":"https:\/\/www.cronacaonline.it\/index.php\/wp-json\/wp\/v2\/media?parent=224752"}],"wp:term":[{"taxonomy":"category","embeddable":true,"href":"https:\/\/www.cronacaonline.it\/index.php\/wp-json\/wp\/v2\/categories?post=224752"},{"taxonomy":"post_tag","embeddable":true,"href":"https:\/\/www.cronacaonline.it\/index.php\/wp-json\/wp\/v2\/tags?post=224752"}],"curies":[{"name":"wp","href":"https:\/\/api.w.org\/{rel}","templated":true}]}}