{"id":224746,"date":"2022-07-23T10:10:09","date_gmt":"2022-07-23T08:10:09","guid":{"rendered":"https:\/\/www.cronacaonline.it\/?p=224746"},"modified":"2022-07-23T10:13:01","modified_gmt":"2022-07-23T08:13:01","slug":"ricerca-assessore-fasolino-6-milioni-di-euro-per-la-ricerca-nel-2022-da-destinare-a-universita-ed-enti-per-progetti-di-interesse-regionale","status":"publish","type":"post","link":"https:\/\/www.cronacaonline.it\/index.php\/2022\/07\/23\/ricerca-assessore-fasolino-6-milioni-di-euro-per-la-ricerca-nel-2022-da-destinare-a-universita-ed-enti-per-progetti-di-interesse-regionale\/","title":{"rendered":"Ricerca, assessore Fasolino: 6 milioni di euro per la ricerca nel 2022 da destinare a Universit\u00e0 ed Enti per progetti di interesse regionale."},"content":{"rendered":"\n<p>Cagliari, 23 Lug 2022 \u2013&nbsp;Sei milioni di euro per la ricerca, da destinare a Universit\u00e0 ed Enti per progetti di interesse regionale. \u00c8 stato definito ieri, su proposta dell\u2019Assessore della Programmazione e Bilancio, Giuseppe Fasolino, il programma delle attivit\u00e0 per l\u2019annualit\u00e0 2022 a valere sulla legge regionale 7 \u2018Promozione della ricerca scientifica e dell\u2019innovazione tecnologica in Sardegna\u2019. Si tratta di risorse che, insieme ai fondi di carattere nazionale (PNRR) e a quelli europei costituiscono, in questa fase di avvio delle attivit\u00e0, una grande opportunit\u00e0 di crescita e miglioramento del sistema della ricerca sardo.<\/p>\n\n\n\n<p>\u201cIn un mondo in continua evoluzione su cui pesano ancora gli effetti di una crisi senza precedenti, la ricerca e l\u2019innovazione rappresentano due elementi ineludibili per lo sviluppo futuro della Sardegna, che questa Giunta individua quali motori dello sviluppo economico della nostra Isola, le leve su cui puntare per adeguare il sistema sardo alla sfide della modernit\u00e0\u201d, ha aggiunto il Presidente della regione Sarda, ricordando l\u2019impegno della Regione nei progetti di ricerca di rilevanza internazionale tra cui l\u2019Einstein Telescope di Lula, la riconversione dei pozzi minerari della Carbosulcis che da problema sono divenuti risorsa e l\u2019International flight training school di Decimomannu. \u201cL\u2019obiettivo di creare un sistema economico pi\u00f9 competitivo e capace di valorizzare i punti di forza della Sardegna \u2013 ha proseguito il Presidente Solinas - \u00e8 un punto fermo nell\u2019azione della Regione, che sta impiegando risorse, mezzi, saperi per accompagnare la ripresa e tutelare le specificit\u00e0 della nostra Isola\u201d. Una grande novit\u00e0 in questo senso, ha evidenziato il Presidente, \u201c\u00e8 anche l\u2019iniziativa che ha preso forma qualche giorno fa con l\u2019accordo sottoscritto a Sassari per la realizzazione di ecosistemi dell\u2019innovazione, considerati come luoghi di contaminazione e collaborazione tra Universit\u00e0, Centri di ricerca, settore privato, societ\u00e0 civile e istituzioni, rivolti allo sviluppo di idee e soluzioni innovative\u201d.<\/p>\n\n\n\n<p>Gli interventi che verranno finanziati con le risorse della legge 7 sostengono la ricerca, consolidano i rapporti tra Enti e spaziano dalla ricerca in ambito biomedico alla valorizzazione del patrimonio storico e culturale sardo fino alla ricerca su temi di interesse regionale come lo spopolamento&nbsp;e l\u2019accesso ai servizi. \u201cSi tratta di una serie di interventi individuati con il coinvolgimento della Consulta regionale per la ricerca scientifica e l'innovazione tecnologica con l\u2019obiettivo generale di valorizzare e potenziare l'ecosistema regionale della ricerca \u2013 spiega l\u2019Assessore della Programmazione e Bilancio, Giuseppe Fasolino - L\u2019unit\u00e0 di intenti tra Amministrazione regionale, Universit\u00e0, Enti Pubblici e Centri di ricerca, che hanno portato anche alla predisposizione di questo programma di intervento sono indispensabili per affrontare le difficolt\u00e0 attuali e per cogliere le opportunit\u00e0 che il nuovo ciclo di programmazione e il PNRR offrono all\u2019Isola\u201d. L\u2019Assessore Fasolino ha evidenziato la linea di continuit\u00e0 seguita rispetto anche alle altre linee di finanziamento: \u201cLa programmazione di questa annualit\u00e0 \u2013 spiega - verr\u00e0 sviluppata in coerenza con la Smart Specialisation Strategy regionale, in continuit\u00e0 con le esperienze realizzate nella programmazione 2014-20 e in sinergia, integrazione e complementariet\u00e0 con gli strumenti della nuova programmazione\u201d.<\/p>\n\n\n\n<p>Con la delibera approvata gioved\u00ec nel corso dell\u2019ultima seduta di Giunta, viene garantita l\u2019attivit\u00e0 strategica al servizio dell'intero sistema regionale della ricerca rappresentata dalla Biblioteca scientifica regionale (BSR), gestita da Sardegna Ricerche d'intesa con i due Atenei regionali e le strutture sanitarie regionali. Con le risorse stanziate viene finanziata la terza e ultima parte delle attivit\u00e0 del Progetto ARRDIA, progetto strategico di interesse regionale che si occupa dello studio sui marker tumorali precoci in lavoratori e popolazione di particolari aree industriali della Sardegna, con particolare attenzione alle patologie pleuro-polmonari. Sempre in ambito biomedico saranno finanziate le attivit\u00e0 di ricerca antivirale, da realizzarsi anche grazie alle strutture del Centro Servizi di Ateneo per la Ricerca (CeSAR) dell\u2019Universit\u00e0 degli Studi Cagliari. L\u2019Assessore Fasolino ha anche proposto di finanziare gli studi su problematiche di rilevanza strategica quali lo spopolamento e l\u2019accesso ai servizi, prevedendo l\u2019aggiornamento di documenti fondamentali per le politiche regionali, e quello del trasferimento tecnologico nelle imprese della transizione energetica e digitale.<\/p>\n\n\n\n<p>Sul fronte internazionale, grazie alle sempre alle risorse stanziate, potranno riprendere anche quei programmi sospesi duranti la pandemia come come il \u201cVisiting Scientist\u201d e la \u201cMobilit\u00e0 dei Giovani Ricercatori\u201d, fondamentali per la creazione e il consolidamento dei rapporti tra enti di ricerca. Un\u2019altra iniziativa di respiro internazionale, avviata grazie alla legge regionale e che proseguir\u00e0 con l\u2019impegno della Regione, \u00e8 la collaborazione con la \u201cItalian Academy for Advanced Studies\u201d della Columbia University di New York, collaborazione che mira a valorizzare dal punto di vista scientifico il patrimonio culturale sardo (la prima iniziativa \u00e8 stata dedicata ai Giganti di Mont'e Prama). Com<\/p>\n","protected":false},"excerpt":{"rendered":"<p>Cagliari, 23 Lug 2022 \u2013&nbsp;Sei milioni di euro per la ricerca, da destinare a Universit\u00e0 ed Enti per progetti di interesse regionale. \u00c8 stato definito&#8230;<\/p>\n","protected":false},"author":2,"featured_media":224580,"comment_status":"closed","ping_status":"open","sticky":false,"template":"","format":"standard","meta":[],"categories":[49,52],"tags":[],"_links":{"self":[{"href":"https:\/\/www.cronacaonline.it\/index.php\/wp-json\/wp\/v2\/posts\/224746"}],"collection":[{"href":"https:\/\/www.cronacaonline.it\/index.php\/wp-json\/wp\/v2\/posts"}],"about":[{"href":"https:\/\/www.cronacaonline.it\/index.php\/wp-json\/wp\/v2\/types\/post"}],"author":[{"embeddable":true,"href":"https:\/\/www.cronacaonline.it\/index.php\/wp-json\/wp\/v2\/users\/2"}],"replies":[{"embeddable":true,"href":"https:\/\/www.cronacaonline.it\/index.php\/wp-json\/wp\/v2\/comments?post=224746"}],"version-history":[{"count":2,"href":"https:\/\/www.cronacaonline.it\/index.php\/wp-json\/wp\/v2\/posts\/224746\/revisions"}],"predecessor-version":[{"id":224749,"href":"https:\/\/www.cronacaonline.it\/index.php\/wp-json\/wp\/v2\/posts\/224746\/revisions\/224749"}],"wp:featuredmedia":[{"embeddable":true,"href":"https:\/\/www.cronacaonline.it\/index.php\/wp-json\/wp\/v2\/media\/224580"}],"wp:attachment":[{"href":"https:\/\/www.cronacaonline.it\/index.php\/wp-json\/wp\/v2\/media?parent=224746"}],"wp:term":[{"taxonomy":"category","embeddable":true,"href":"https:\/\/www.cronacaonline.it\/index.php\/wp-json\/wp\/v2\/categories?post=224746"},{"taxonomy":"post_tag","embeddable":true,"href":"https:\/\/www.cronacaonline.it\/index.php\/wp-json\/wp\/v2\/tags?post=224746"}],"curies":[{"name":"wp","href":"https:\/\/api.w.org\/{rel}","templated":true}]}}