{"id":224647,"date":"2022-07-21T15:38:46","date_gmt":"2022-07-21T13:38:46","guid":{"rendered":"https:\/\/www.cronacaonline.it\/?p=224647"},"modified":"2022-07-21T15:38:48","modified_gmt":"2022-07-21T13:38:48","slug":"rete-lavoro-sardegna-programma-garanzia-occupabilita-dei-lavoratori-gol-assessore-zedda-i-fondi-del-pnrr-per-il-rilancio-delloccupazione-e-delle-politiche-attive-del-lavoro","status":"publish","type":"post","link":"https:\/\/www.cronacaonline.it\/index.php\/2022\/07\/21\/rete-lavoro-sardegna-programma-garanzia-occupabilita-dei-lavoratori-gol-assessore-zedda-i-fondi-del-pnrr-per-il-rilancio-delloccupazione-e-delle-politiche-attive-del-lavoro\/","title":{"rendered":"Rete lavoro Sardegna programma garanzia occupabilit\u00e0 dei lavoratori (gol), assessore Zedda: \u201ci fondi del Pnrr per il rilancio dell\u2019occupazione e delle politiche attive del lavoro\u201d."},"content":{"rendered":"\n<p>Cagliari, 21 Lug 2022\u00a0\u2013 \u201cLa Regione utilizzer\u00e0 i fondi del PNRR anche per il rilancio dell\u2019occupazione e delle politiche attive del lavoro, con una particolare attenzione per le persone pi\u00f9 fragili. La nuova sfida, infatti, \u00e8 l\u2019integrazione socio-lavorativa. Uniamo le forze per intervenire nel mondo del lavoro scardinando quegli squilibri che separano la domanda dall\u2019offerta attraverso la digitalizzazione dei servizi. Abbiamo a disposizione risorse ingenti, provenienti dal PNRR e dal FSE per promuovere l\u2019occupazione e potenziare le professionalit\u00e0. L\u2019ASPAL \u00e8 il nostro braccio operativo attraverso un lavoro capillare nei territori, con il coinvolgimento degli amministratori locali. L\u2019impegno della Regione e dell\u2019ASPAL prosegue nell\u2019intensificare le politiche attive del lavoro, gi\u00e0 avviate per contrastare la pandemia. Oltre al GOL, entrer\u00e0 a sistema in autunno il Fondo Sociale Europeo, nonch\u00e9 gli strumenti che la Regione Sardegna ha gi\u00e0 attivato in materia di bonus per incentivare le assunzioni e salvaguardare i livelli occupazionali\u201d. Lo ha detto oggi, collegata in videoconferenza, l\u2019assessore regionale del lavoro, Alessandra Zedda, all\u2019avvio dell\u2019evento di Alghero \u201cRETE LAVORO SARDEGNA: sfide e prospettive di sviluppo per le politiche attive del lavoro sui territori\u201d, il quinto dei sei incontri nel territorio organizzati dall\u2019ASPAL, con la collaborazione dell'Assessorato regionale del Lavoro.<\/p>\n\n\n\n<p>Il ciclo di incontri di animazione territoriale \u00e8 lo strumento operativo del Piano Attuativo regionale del Programma per la Garanzia di Occupabilit\u00e0 dei lavoratori (PAR-GOL). Il programma - che si inserisce nell\u2019ambito del PNRR - Missione 5 - approvato dalla giunta regionale lo scorso 19 maggio per promuovere l\u2019occupazione e l\u2019occupabilit\u00e0, favorire l\u2019incontro tra domanda e offerta di lavoro, rafforzare l\u2019efficienza dei Centri per l\u2019impiego, attraverso la formazione continua del personale e la digitalizzazione dei procedimenti e dei servizi.&nbsp;Il piano costituisce una vera e propria riforma del settore, riformulando la dirigenza complessiva delle politiche attive del lavoro e la rete dei soggetti accreditati per i servizi per il lavoro. Si punta all\u2019inclusione sociale nel mercato del lavoro, agendo con particolare attenzione sull\u2019occupabilit\u00e0 dei lavoratori e delle lavoratrici pi\u00f9 fragili e all\u2019eliminazione dei divari di genere, generazionali e territoriali.<\/p>\n\n\n\n<p>Per l\u2019attuazione del Programma GOL sono destinate risorse pari a Euro 32.284.000,00 e per il Fondo per il potenziamento delle competenze e la riqualificazione professionale risorse pari a Euro 1.995.000,00. Somme importanti che arriveranno nei territori per aiutare le imprese e i lavoratori. Com<\/p>\n","protected":false},"excerpt":{"rendered":"<p>Cagliari, 21 Lug 2022\u00a0\u2013 \u201cLa Regione utilizzer\u00e0 i fondi del PNRR anche per il rilancio dell\u2019occupazione e delle politiche attive del lavoro, con una particolare&#8230;<\/p>\n","protected":false},"author":2,"featured_media":221520,"comment_status":"closed","ping_status":"open","sticky":false,"template":"","format":"standard","meta":[],"categories":[49,52],"tags":[],"_links":{"self":[{"href":"https:\/\/www.cronacaonline.it\/index.php\/wp-json\/wp\/v2\/posts\/224647"}],"collection":[{"href":"https:\/\/www.cronacaonline.it\/index.php\/wp-json\/wp\/v2\/posts"}],"about":[{"href":"https:\/\/www.cronacaonline.it\/index.php\/wp-json\/wp\/v2\/types\/post"}],"author":[{"embeddable":true,"href":"https:\/\/www.cronacaonline.it\/index.php\/wp-json\/wp\/v2\/users\/2"}],"replies":[{"embeddable":true,"href":"https:\/\/www.cronacaonline.it\/index.php\/wp-json\/wp\/v2\/comments?post=224647"}],"version-history":[{"count":1,"href":"https:\/\/www.cronacaonline.it\/index.php\/wp-json\/wp\/v2\/posts\/224647\/revisions"}],"predecessor-version":[{"id":224648,"href":"https:\/\/www.cronacaonline.it\/index.php\/wp-json\/wp\/v2\/posts\/224647\/revisions\/224648"}],"wp:featuredmedia":[{"embeddable":true,"href":"https:\/\/www.cronacaonline.it\/index.php\/wp-json\/wp\/v2\/media\/221520"}],"wp:attachment":[{"href":"https:\/\/www.cronacaonline.it\/index.php\/wp-json\/wp\/v2\/media?parent=224647"}],"wp:term":[{"taxonomy":"category","embeddable":true,"href":"https:\/\/www.cronacaonline.it\/index.php\/wp-json\/wp\/v2\/categories?post=224647"},{"taxonomy":"post_tag","embeddable":true,"href":"https:\/\/www.cronacaonline.it\/index.php\/wp-json\/wp\/v2\/tags?post=224647"}],"curies":[{"name":"wp","href":"https:\/\/api.w.org\/{rel}","templated":true}]}}