{"id":224637,"date":"2022-07-21T11:28:16","date_gmt":"2022-07-21T09:28:16","guid":{"rendered":"https:\/\/www.cronacaonline.it\/?p=224637"},"modified":"2022-07-21T11:28:19","modified_gmt":"2022-07-21T09:28:19","slug":"editoria-sara-roma-la-nuova-sede-per-la-promozione-delleditoria-locale-al-posto-della-prevista-kermesse-di-francoforte-maggiori-opportunita-agli-editori-sardi","status":"publish","type":"post","link":"https:\/\/www.cronacaonline.it\/index.php\/2022\/07\/21\/editoria-sara-roma-la-nuova-sede-per-la-promozione-delleditoria-locale-al-posto-della-prevista-kermesse-di-francoforte-maggiori-opportunita-agli-editori-sardi\/","title":{"rendered":"Editoria: sar\u00e0 Roma la nuova sede per la promozione dell\u2019editoria locale al posto della prevista kermesse di Francoforte. Maggiori opportunit\u00e0 agli editori sardi."},"content":{"rendered":"\n<p>Cagliari, 21 Lug 2022 \u2013\u00a0Dopo la Fiera di Torino che si \u00e8 svolta lo scorso mese di maggio, non si far\u00e0 pi\u00f9 la\u00a0prevista kermesse di Frankfurter Buchmesse programmata per ottobre prossimo. Lo ha deciso l\u2019assessore alla Cultura, Andrea Biancareddu che ha predisposto la modifica della delibera su \"Interventi a sostegno dell\u2019Editoria locale\u201d, che ha l\u2019obiettivo di promuovere l\u2019Editoria sarda, partecipando annualmente a Fiere e mostre editoriali di rilevanza nazionale e internazionale.<\/p>\n\n\n\n<p>\u201cSono pervenute, dai rappresentanti del comparto - ha detto Biancareddu - varie&nbsp;richieste che chiedevano di spostare le somme inizialmente destinate alla Fiera di Francoforte,&nbsp;per la partecipazione alla Fiera nazionale di Roma \u201cPi\u00f9 libri pi\u00f9 liberi\u201d. Ho condiviso la proposta arrivata soprattutto dai rappresentanti dell\u2019AES. Per questo ritengo che la manifestazione di Roma possa dare maggiori possibilit\u00e0 di coinvolgimento degli editori sardi ed una pi\u00f9 completa e fruttuosa promozione della produzione editoriale sarda\u201d.<\/p>\n\n\n\n<p>Le risorse attualmente disponibili,&nbsp;22 mila e 540 mila euro, verranno destinate alla partecipazione degli Editori sardi alla Fiera della piccola e media editoria \u201cPi\u00f9 libri pi\u00f9 liberi\u201d in programma a Roma dal 7 all\u201911 dicembre 2022. Com<\/p>\n","protected":false},"excerpt":{"rendered":"<p>Cagliari, 21 Lug 2022 \u2013\u00a0Dopo la Fiera di Torino che si \u00e8 svolta lo scorso mese di maggio, non si far\u00e0 pi\u00f9 la\u00a0prevista kermesse di&#8230;<\/p>\n","protected":false},"author":2,"featured_media":196029,"comment_status":"closed","ping_status":"open","sticky":false,"template":"","format":"standard","meta":[],"categories":[49,52],"tags":[],"_links":{"self":[{"href":"https:\/\/www.cronacaonline.it\/index.php\/wp-json\/wp\/v2\/posts\/224637"}],"collection":[{"href":"https:\/\/www.cronacaonline.it\/index.php\/wp-json\/wp\/v2\/posts"}],"about":[{"href":"https:\/\/www.cronacaonline.it\/index.php\/wp-json\/wp\/v2\/types\/post"}],"author":[{"embeddable":true,"href":"https:\/\/www.cronacaonline.it\/index.php\/wp-json\/wp\/v2\/users\/2"}],"replies":[{"embeddable":true,"href":"https:\/\/www.cronacaonline.it\/index.php\/wp-json\/wp\/v2\/comments?post=224637"}],"version-history":[{"count":1,"href":"https:\/\/www.cronacaonline.it\/index.php\/wp-json\/wp\/v2\/posts\/224637\/revisions"}],"predecessor-version":[{"id":224638,"href":"https:\/\/www.cronacaonline.it\/index.php\/wp-json\/wp\/v2\/posts\/224637\/revisions\/224638"}],"wp:featuredmedia":[{"embeddable":true,"href":"https:\/\/www.cronacaonline.it\/index.php\/wp-json\/wp\/v2\/media\/196029"}],"wp:attachment":[{"href":"https:\/\/www.cronacaonline.it\/index.php\/wp-json\/wp\/v2\/media?parent=224637"}],"wp:term":[{"taxonomy":"category","embeddable":true,"href":"https:\/\/www.cronacaonline.it\/index.php\/wp-json\/wp\/v2\/categories?post=224637"},{"taxonomy":"post_tag","embeddable":true,"href":"https:\/\/www.cronacaonline.it\/index.php\/wp-json\/wp\/v2\/tags?post=224637"}],"curies":[{"name":"wp","href":"https:\/\/api.w.org\/{rel}","templated":true}]}}