{"id":224594,"date":"2022-07-20T20:06:08","date_gmt":"2022-07-20T18:06:08","guid":{"rendered":"https:\/\/www.cronacaonline.it\/?p=224594"},"modified":"2022-07-20T20:06:11","modified_gmt":"2022-07-20T18:06:11","slug":"socialdigi-lassessore-satta-incontra-i-corsisti-a-villaspeciosa-formazione-digitale-e-aggregazione-come-strumenti-di-ripartenza-e-inclusione-sociale-totale","status":"publish","type":"post","link":"https:\/\/www.cronacaonline.it\/index.php\/2022\/07\/20\/socialdigi-lassessore-satta-incontra-i-corsisti-a-villaspeciosa-formazione-digitale-e-aggregazione-come-strumenti-di-ripartenza-e-inclusione-sociale-totale\/","title":{"rendered":"SocialDig\u00ec, l\u2019assessore Satta incontra i corsisti a Villaspeciosa: \u201cformazione digitale e aggregazione come strumenti di ripartenza e inclusione sociale totale\u201d."},"content":{"rendered":"\n<p>Villaspeciosa (SU), 20 Lug 2022\u00a0\u2013 Avvio fortunato a Villaspeciosa per SocialDig\u00ec, il progetto di inclusione tecnologica rivolto alla popolazione anziana voluto dall\u2019Assessore degli Affari Generali, Personale e Riforma della Regione, Valeria Satta, che oggi pomeriggio ha incontrato i primi corsisti alla presenza del sindaco Gianluca Melis. Villaspeciosa \u00e8 infatti pilota dell\u2019iniziativa che trover\u00e0 seguito a Decimoputzu, Siliqua e Vallermosa. \u201cL\u2019accesso alle risorse digitali per tutti gli utenti \u00e8 un fermo obiettivo di questa amministrazione. Vogliamo che anche le persone pi\u00f9 anziane possano usufruire in piena autonomia delle risorse tecnologiche oggi a disposizione, il cui utilizzo appare scontato ai pi\u00f9 giovani ma pu\u00f2 rappresentare una barriera per coloro non abituati all\u2019utilizzo delle piattaforme. Grazie ai corsi forniti gratuitamente dalla Regione, tutti potranno familiarizzare con la tecnologia\u201d.<\/p>\n\n\n\n<p>Il progetto, a cura della Direzione Generale Innovazione e Sicurezza IT, prevede un corso della durata totale di 20 ore, con lezioni frontali bisettimanali, e un tutoraggio video di supporto in italiano e sardo. Principalmente rivolti agli over 60 (ma aperti anche ad altre fasce di et\u00e0 nel caso in cui non si raggiunga la completezza della classe) i seminari insegnano tra le altre cose a&nbsp;scaricare documenti, compilare form di iscrizione, attivare lo Spid (Sistema pubblico d\u2019identit\u00e0 digitale), la Cns (Carta nazionale dei Servizi) o la Cie (Carta d\u2019identit\u00e0 elettronica), gestire pagamenti online verso la Pubblica Amministrazione ma anche scaricare dei referti sanitari e aprire un profilo Facebook, oltre a fornire i principali elementi di sicurezza informatica.<\/p>\n\n\n\n<figure class=\"wp-block-image size-full is-resized\"><img loading=\"lazy\" src=\"https:\/\/www.cronacaonline.it\/wp-content\/uploads\/2022\/07\/Assessore-Satta-SocialDigi.jpg\" alt=\"\" class=\"wp-image-224595\" width=\"732\" height=\"488\" srcset=\"https:\/\/www.cronacaonline.it\/wp-content\/uploads\/2022\/07\/Assessore-Satta-SocialDigi.jpg 600w, https:\/\/www.cronacaonline.it\/wp-content\/uploads\/2022\/07\/Assessore-Satta-SocialDigi-300x200.jpg 300w\" sizes=\"(max-width: 732px) 100vw, 732px\" \/><\/figure>\n\n\n\n<p>\u201cSi tratta \u2013 prosegue l\u2019assessore Satta \u2013 non solo di formazione ma anche di un\u2019occasione di aggregazione e vicinanza sociale dopo un periodo difficile, di solitudine, che ha riguardato tutti noi\u201d<\/p>\n\n\n\n<p>\u201cSono determinata \u2013 conclude l\u2019esponente della Giunta Solinas \u2013 ad estendere questo progetto al maggior numero di comuni possibile, cos\u00ec da rendere tutti i sardi di qualsiasi et\u00e0 autonomi nella gestione delle proprie necessit\u00e0 digitali\u201d. Com<\/p>\n","protected":false},"excerpt":{"rendered":"<p>Villaspeciosa (SU), 20 Lug 2022\u00a0\u2013 Avvio fortunato a Villaspeciosa per SocialDig\u00ec, il progetto di inclusione tecnologica rivolto alla popolazione anziana voluto dall\u2019Assessore degli Affari Generali,&#8230;<\/p>\n","protected":false},"author":2,"featured_media":224596,"comment_status":"closed","ping_status":"open","sticky":false,"template":"","format":"standard","meta":[],"categories":[49,52],"tags":[],"_links":{"self":[{"href":"https:\/\/www.cronacaonline.it\/index.php\/wp-json\/wp\/v2\/posts\/224594"}],"collection":[{"href":"https:\/\/www.cronacaonline.it\/index.php\/wp-json\/wp\/v2\/posts"}],"about":[{"href":"https:\/\/www.cronacaonline.it\/index.php\/wp-json\/wp\/v2\/types\/post"}],"author":[{"embeddable":true,"href":"https:\/\/www.cronacaonline.it\/index.php\/wp-json\/wp\/v2\/users\/2"}],"replies":[{"embeddable":true,"href":"https:\/\/www.cronacaonline.it\/index.php\/wp-json\/wp\/v2\/comments?post=224594"}],"version-history":[{"count":1,"href":"https:\/\/www.cronacaonline.it\/index.php\/wp-json\/wp\/v2\/posts\/224594\/revisions"}],"predecessor-version":[{"id":224597,"href":"https:\/\/www.cronacaonline.it\/index.php\/wp-json\/wp\/v2\/posts\/224594\/revisions\/224597"}],"wp:featuredmedia":[{"embeddable":true,"href":"https:\/\/www.cronacaonline.it\/index.php\/wp-json\/wp\/v2\/media\/224596"}],"wp:attachment":[{"href":"https:\/\/www.cronacaonline.it\/index.php\/wp-json\/wp\/v2\/media?parent=224594"}],"wp:term":[{"taxonomy":"category","embeddable":true,"href":"https:\/\/www.cronacaonline.it\/index.php\/wp-json\/wp\/v2\/categories?post=224594"},{"taxonomy":"post_tag","embeddable":true,"href":"https:\/\/www.cronacaonline.it\/index.php\/wp-json\/wp\/v2\/tags?post=224594"}],"curies":[{"name":"wp","href":"https:\/\/api.w.org\/{rel}","templated":true}]}}