{"id":224574,"date":"2022-07-20T15:00:04","date_gmt":"2022-07-20T13:00:04","guid":{"rendered":"https:\/\/www.cronacaonline.it\/?p=224574"},"modified":"2022-07-20T15:00:05","modified_gmt":"2022-07-20T13:00:05","slug":"sistema-museale-regionale-riprogrammati-gli-interventi-del-museo-dellartigianato-e-del-design-eugenio-tavolara-e-del-museo-per-larte-del-novecento-di-sassari","status":"publish","type":"post","link":"https:\/\/www.cronacaonline.it\/index.php\/2022\/07\/20\/sistema-museale-regionale-riprogrammati-gli-interventi-del-museo-dellartigianato-e-del-design-eugenio-tavolara-e-del-museo-per-larte-del-novecento-di-sassari\/","title":{"rendered":"Sistema museale regionale: riprogrammati gli interventi del museo dell\u2019artigianato e del design \u201cEugenio Tavolara\u201d e del museo per l\u2019arte del novecento di Sassari."},"content":{"rendered":"\n<p>Cagliari, 20 Lug 2022 -\u00a0\u00a0Riprogrammati gli interventi relativi alla realizzazione del Museo dell\u2019Artigianato e del Design \u201cEugenio Tavolara\u201d e del Museo per l\u2019arte del Novecento e del Contemporaneo di Sassari, previsti dal Sistema Regionale dei Musei.<\/p>\n\n\n\n<p>Gli indirizzi operativi in merito alla realizzazione e gestione del museo dedicato ad Eugenio Tavolara nel Padiglione dell'artigianato ex Isola ed il \u201cMuseo del Novecento\u201d nei locali dell'ex Convento del Carmelo, sono stati modificati per consentire agli Enti locali di essere protagonisti delle scelte strategiche nel loro territorio e incoraggiando e sostenendo la creazione di sinergie con le altre realt\u00e0 museali e culturali esistenti. Cos\u00ec si \u00e8 provveduto a stipulare un Protocollo di Intesa tra l\u2019Amministrazione regionale, il Comune di Sassari e la Provincia di Sassari relativo alla gestione pro- tempore e realizzazione e gestione dei Musei regionali di Sassari, che ha definito nello specifico compiti, funzioni e adempimenti in capo a ciascuna Amministrazione coinvolta. La Regione, con l\u2019assessorato alla Cultura, d\u2019intesa con l\u2019assessorato agli Enti Locali e Urbanistica, sta portando avanti le procedure finalizzate ai restauri delle collezioni ex I.S.O.L.A. destinate al Museo per l\u2019artigianato ed il design \u201cE. Tavolara\u201d e delle collezioni di G. Biasi e di altri artisti sardi per il Museo per l\u2019arte del Novecento e del Contemporaneo, nonch\u00e9 ad appaltare i lavori di restauro delle opere artistiche del Padiglione E. Tavolara di Sassari. Il Servizio Demanio e Patrimonio ed Autonomie locali di Sassari ed Olbia Tempio ha provveduto a disporre la concessione all\u2019uso a titolo gratuito in favore del Comune di Sassari del Padiglione dell\u2019artigianato dedicato ad Eugenio Tavolara.<\/p>\n\n\n\n<p>\u201cDopo la manifestazione di interesse pervenuta dal Comune di Sassari \u2013 ha sottolineato l\u2019assessore Andrea Biancareddu - , insieme all'Assessore degli Enti Locali, \u00e8 stato deciso che l\u2019amministrazione comunale di Sassari avr\u00e0&nbsp;&nbsp;la gestione pro-tempore del Padiglione E. Tavolara nonch\u00e9 la gestione a regime del Museo per l'artigianato ed il design E. Tavolara per una durata almeno decennale, che permetta la fruizione di uno spazio cos\u00ec significativo e importante per la citt\u00e0 di Sassari. Inoltre \u2013 prosegue Biancareddu - \u00e8 pervenuta, anche la volont\u00e0, da parte del Comune,&nbsp;&nbsp;di poter cofinanziare la gestione delle attivit\u00e0 di tipo culturale da realizzare presso il Padiglione, di volersi occupare della gestione della procedura dell'allestimento museale, nonch\u00e9 di volere aprire al pubblico anche l'edificio dell'Ex Convento del Carmelo relativo al Museo per l'arte del Novecento e del Contemporaneo con mostre a carattere identitario locale, all\u2019interno della realizzazione e apertura completa dei musei\u201d.<\/p>\n\n\n\n<p>Adesso, gli interventi attualmente unitari da parte della Regione, dovranno scindersi ciascuno in due interventi. Uno che rimarr\u00e0 in capo all\u2019Amministrazione regionale per consentire la prosecuzione dell\u2019attuazione degli interventi di restauro e l\u2019altro invece in capo al Comune di Sassari per l\u2019attuazione rispettivamente dell\u2019allestimento museale del Museo per l\u2019artigianato ed il design E. Tavolara e uno per l\u2019esecuzione dei lavori e per l\u2019allestimento museale del Museo per l\u2019arte del Novecento e del contemporaneo. Il Comune di Sassari diverr\u00e0 cos\u00ec principale soggetto attuatore. Per il piano di gestione per il \u201cMuseo per l'Artigianato ed il design\u201d dedicato a Eugenio Tavolara ed il \u201cMuseo per l'Arte del Novecento e del Contemporaneo\u201d a Sassari sono stati stanziati 100 mila euro. Altri 100 mila euro per il Piano di comunicazione e marketing. I lavori per l\u2019allestimento museale dedicato a Eugenio Tavolara sono finanziati con 1 milione 300 mila euro. Per i lavori e allestimento museale del Museo per l\u2019arte del Novecento e del contemporaneo sono stati stanziati&nbsp;2 milioni e 550 mila euro. L\u2019Amministrazione regionale rimarr\u00e0 soggetto attuatore dei restauri del Museo per l'Artigianato ed il design dedicato a Eugenio Tavolara per 500 mila euro e per altri 291 mila euro dei restauri del Museo per l'Arte del Novecento e del Contemporaneo- opere G. Biasi. Quest\u2019ultimo intervento di restauro riguarder\u00e0 le opere di Biasi e di altri artisti sardi selezionati par far parte della Collezione museale. Com<\/p>\n","protected":false},"excerpt":{"rendered":"<p>Cagliari, 20 Lug 2022 &#8211;\u00a0\u00a0Riprogrammati gli interventi relativi alla realizzazione del Museo dell\u2019Artigianato e del Design \u201cEugenio Tavolara\u201d e del Museo per l\u2019arte del Novecento&#8230;<\/p>\n","protected":false},"author":2,"featured_media":184604,"comment_status":"closed","ping_status":"open","sticky":false,"template":"","format":"standard","meta":[],"categories":[49,52],"tags":[],"_links":{"self":[{"href":"https:\/\/www.cronacaonline.it\/index.php\/wp-json\/wp\/v2\/posts\/224574"}],"collection":[{"href":"https:\/\/www.cronacaonline.it\/index.php\/wp-json\/wp\/v2\/posts"}],"about":[{"href":"https:\/\/www.cronacaonline.it\/index.php\/wp-json\/wp\/v2\/types\/post"}],"author":[{"embeddable":true,"href":"https:\/\/www.cronacaonline.it\/index.php\/wp-json\/wp\/v2\/users\/2"}],"replies":[{"embeddable":true,"href":"https:\/\/www.cronacaonline.it\/index.php\/wp-json\/wp\/v2\/comments?post=224574"}],"version-history":[{"count":1,"href":"https:\/\/www.cronacaonline.it\/index.php\/wp-json\/wp\/v2\/posts\/224574\/revisions"}],"predecessor-version":[{"id":224575,"href":"https:\/\/www.cronacaonline.it\/index.php\/wp-json\/wp\/v2\/posts\/224574\/revisions\/224575"}],"wp:featuredmedia":[{"embeddable":true,"href":"https:\/\/www.cronacaonline.it\/index.php\/wp-json\/wp\/v2\/media\/184604"}],"wp:attachment":[{"href":"https:\/\/www.cronacaonline.it\/index.php\/wp-json\/wp\/v2\/media?parent=224574"}],"wp:term":[{"taxonomy":"category","embeddable":true,"href":"https:\/\/www.cronacaonline.it\/index.php\/wp-json\/wp\/v2\/categories?post=224574"},{"taxonomy":"post_tag","embeddable":true,"href":"https:\/\/www.cronacaonline.it\/index.php\/wp-json\/wp\/v2\/tags?post=224574"}],"curies":[{"name":"wp","href":"https:\/\/api.w.org\/{rel}","templated":true}]}}