{"id":224569,"date":"2022-07-20T12:58:11","date_gmt":"2022-07-20T10:58:11","guid":{"rendered":"https:\/\/www.cronacaonline.it\/?p=224569"},"modified":"2022-07-20T12:58:13","modified_gmt":"2022-07-20T10:58:13","slug":"consiglio-sardegna-commissione-ambiente-audizione-di-anci-sardegna-sulla-campagna-antincendi-2022","status":"publish","type":"post","link":"https:\/\/www.cronacaonline.it\/index.php\/2022\/07\/20\/consiglio-sardegna-commissione-ambiente-audizione-di-anci-sardegna-sulla-campagna-antincendi-2022\/","title":{"rendered":"Consiglio Sardegna &#8211; Commissione Ambiente: audizione di Anci Sardegna sulla campagna antincendi 2022"},"content":{"rendered":"\n<p>Cagliari, 20 Lug 2022 \u2013 La commissione Ambiente, presieduta da Giuseppe Talanas (Forza Italia) ha ascoltato il presidente di Anci Sardegna Emiliano Deiana sulla campagna antincendi dell\u2019anno in corso.<\/p>\n\n\n\n<p>Nel suo intervento Deiana ha lamentato in primo luogo i ritardi nell\u2019avvio della campagna e, soprattutto la mancata consultazione delle comunit\u00e0 locali, che costituiscono una componente essenziale del sistema regionale di prevenzione e contrasto degli incendi. La consultazione con le realt\u00e0 locali, ha sottolineato, deve essere fatta \u201cprima\u201d della campagna, possibilmente in autunno o al massimo in primavera, in modo da poter correggere in tempo eventuali criticit\u00e0. Soprattutto quest\u2019anno, ha concluso, nel quale i Comuni sono stati costretti ad operare in un quadro di crescenti difficolt\u00e0 finanziarie per l\u2019aumento della \u201cbolletta energetica\u201d.<\/p>\n\n\n\n<p>Prendendo spunto dal gravissimo incendio che l\u2019anno scorso ha colpito l\u2019area del Montiferru, il presidente di Anci Sardegna ha poi proposto una nuova legge regionale sulle \u201cTerre incolte\u201d, facendo riferimento alla normativa quadro nazionale, ad alcune esperienze regionali positive come quella della Toscana e ad un progetto dell\u2019Anci nazionale rivolto agli amministratori locali. Oltre ad una nuova legge, ha precisato Deiana, la Sardegna potrebbe istituire un fondo per consentire ai Comuni di anticipare le somme necessarie alla pulizia di molti terreni privati, abbandonati anche perch\u00e9 riconducibili a propriet\u00e0 molto frammentate per questioni ereditarie, senza pi\u00f9 legami reali con i territori.<\/p>\n\n\n\n<p>Nel successivo dibattito hanno preso la parola i consiglieri regionali Francesco Agus dei Progressisti, Francesco Mura di Fdi, Carla Cuccu di Idea Sardegna, Maria Laura Orr\u00f9 di \u201cPossibile\u201d e Roberto Li Gioi del M5S. Com<\/p>\n","protected":false},"excerpt":{"rendered":"<p>Cagliari, 20 Lug 2022 \u2013 La commissione Ambiente, presieduta da Giuseppe Talanas (Forza Italia) ha ascoltato il presidente di Anci Sardegna Emiliano Deiana sulla campagna&#8230;<\/p>\n","protected":false},"author":2,"featured_media":192512,"comment_status":"closed","ping_status":"open","sticky":false,"template":"","format":"standard","meta":[],"categories":[49,52],"tags":[],"_links":{"self":[{"href":"https:\/\/www.cronacaonline.it\/index.php\/wp-json\/wp\/v2\/posts\/224569"}],"collection":[{"href":"https:\/\/www.cronacaonline.it\/index.php\/wp-json\/wp\/v2\/posts"}],"about":[{"href":"https:\/\/www.cronacaonline.it\/index.php\/wp-json\/wp\/v2\/types\/post"}],"author":[{"embeddable":true,"href":"https:\/\/www.cronacaonline.it\/index.php\/wp-json\/wp\/v2\/users\/2"}],"replies":[{"embeddable":true,"href":"https:\/\/www.cronacaonline.it\/index.php\/wp-json\/wp\/v2\/comments?post=224569"}],"version-history":[{"count":1,"href":"https:\/\/www.cronacaonline.it\/index.php\/wp-json\/wp\/v2\/posts\/224569\/revisions"}],"predecessor-version":[{"id":224570,"href":"https:\/\/www.cronacaonline.it\/index.php\/wp-json\/wp\/v2\/posts\/224569\/revisions\/224570"}],"wp:featuredmedia":[{"embeddable":true,"href":"https:\/\/www.cronacaonline.it\/index.php\/wp-json\/wp\/v2\/media\/192512"}],"wp:attachment":[{"href":"https:\/\/www.cronacaonline.it\/index.php\/wp-json\/wp\/v2\/media?parent=224569"}],"wp:term":[{"taxonomy":"category","embeddable":true,"href":"https:\/\/www.cronacaonline.it\/index.php\/wp-json\/wp\/v2\/categories?post=224569"},{"taxonomy":"post_tag","embeddable":true,"href":"https:\/\/www.cronacaonline.it\/index.php\/wp-json\/wp\/v2\/tags?post=224569"}],"curies":[{"name":"wp","href":"https:\/\/api.w.org\/{rel}","templated":true}]}}