{"id":224538,"date":"2022-07-19T16:57:43","date_gmt":"2022-07-19T14:57:43","guid":{"rendered":"https:\/\/www.cronacaonline.it\/?p=224538"},"modified":"2022-07-19T16:57:45","modified_gmt":"2022-07-19T14:57:45","slug":"approvato-il-testo-unificato-su-disposizioni-a-favore-delle-persone-con-disturbo-dello-spettro-autistico-e-approvato-il-rendiconto-del-consiglio-regionale-per-lanno-2021","status":"publish","type":"post","link":"https:\/\/www.cronacaonline.it\/index.php\/2022\/07\/19\/approvato-il-testo-unificato-su-disposizioni-a-favore-delle-persone-con-disturbo-dello-spettro-autistico-e-approvato-il-rendiconto-del-consiglio-regionale-per-lanno-2021\/","title":{"rendered":"Approvato il Testo unificato su \u201cDisposizioni a favore delle persone con disturbo dello spettro autistico\u201d e approvato il Rendiconto del Consiglio regionale per l\u2019anno 2021."},"content":{"rendered":"\n<p>Cagliari, 19 Lug 2022 - Sotto la presidenza del presidente Michele Pais il Consiglio regionale si \u00e8 riunito questa mattina per discutere la proposta di legge unificata sul disturbo dello spettro autistico.<\/p>\n\n\n\n<p>Per la maggioranza ha preso la parola in qualit\u00e0 di relatore l\u2019onorevole Stefano Schirru (Psd\u2019Az), che ha ringraziato il presidente della commissione Sanit\u00e0 per il supporto offerto sin dal 2019, insieme agli uffici. \u201cIl provvedimento nasce dalla fusione delle tre proposte di legge Schirru, Loi e Caddeo ed \u00e8 stato approvato dalla commissione, dopo che le pi\u00f9 importanti associazioni di persone con autismo sono state audite e hanno dato un contributo importante per la stesura finale della legge. Siamo davanti a una disabilit\u00e0 complessa che colpisce il linguaggio e l\u2019interazione sociale ed \u00e8 crescente: da un caso su 150 nel 2002 a 1 caso su 59 nel 2014, questi sono i dati mondiali della comunit\u00e0 scientifica\u201d.<\/p>\n\n\n\n<p>Il relatore Schirru ha parlato delle difficolt\u00e0 sociali ed economiche affrontate dalle famiglie con persone colpite dal disturbo dell\u2019autismo e ha affermato: \u201cLa finalit\u00e0 principale di questa proposta \u00e8 perseguire l\u2019inclusione sociale, lavorativa e scolastica riconoscendo il ruolo centrale della famiglia\u201d.<\/p>\n\n\n\n<p>A seguire Diego Loi (Progressisti): \u201cOggi la Sardegna compie un importante passo verso i diritti di cittadinanza delle persone pi\u00f9 fragili quali sono le persone affette da disturbi dello spettro autistico. Con questa legge la nostra regione sar\u00e0 al pari delle altre ed \u00e8 importante che le forze politiche abbiamo raggiunto un accordo su questo. Rafforzeremo cos\u00ec la generale consapevolezza sui disturbi dello spettro autistico e sosterremo con una rete territoriale di servizi specializzati le famiglie con un bambino autistico, dalla prima diagnosi in poi. Da oggi la Regione sar\u00e0 obbligata ad adeguare le proprie politiche in materia\u201d.<\/p>\n\n\n\n<p>Per la terza presentatrice, Rossella Pinna (Pd), \u201cuna legge sull\u2019autismo serve alla Sardegna perch\u00e9 serve la certezza di una presa in carico della collettivit\u00e0 ed \u00e8 necessario aiutare i genitori di un bimbo autistico a non sentirsi rifiutati. Mi rammarica che dal 2016, quando ho presentato per la prima volta la proposta, siamo arrivati sino a oggi per ottenere questo risultato\u201d.<\/p>\n\n\n\n<p>A seguire Laura Caddeo (Demos)&nbsp;ha annunciato un emendamento e ha aggiunto: \u201cTemi di questa portata, ancora indagati dalla scienza, hanno bisogno di un grande approfondimento come quello contenuto in questa legge, che ha una prospettiva scientifica e si basa sulla diagnosi precoce e sulla rete dei servizi territoriali. Servir\u00e0 personale altamente specializzato ed educatori costantemente formati, confidando nei passi avanti della ricerca anche nelle terapie\u201d.&nbsp;<\/p>\n\n\n\n<p>Ha quindi preso la parola il consigliere Fausto Piga (FdI) Che ha espresso soddisfazione per l\u2019approvazione di un testo condiviso: \u00abE\u2019 un tema sentito \u2013 ha detto Piga \u2013 questa legge tanto attesa prova a colmare un vuoto normativo per dare certezze e diritti. Si \u00e8 partiti dall\u2019ascolto delle famiglie, delle associazioni e degli specialisti. C\u2019\u00e8 stato poi uno straordinario lavoro di sintesi fatto in Commissione Sanit\u00e0 che ha permesso di superare le criticit\u00e0 del passato per migliorare la vita di pazienti e delle loro famiglie\u00bb.<\/p>\n\n\n\n<p>Giudizio positivo anche da parte della consigliera del Movimento Cinque Stelle Desir\u00e8 Manca. \u00abC\u2019\u00e8 un momento in cui le famiglie con figli autistici vengono lasciate sole: \u00e8 quando i ragazzi compiono i 18 anni. C\u2019\u00e8 un vuoto normativo che finalmente si cerca di colmare \u2013 ha sottolineato Manca \u2013 questa legge rappresenta un importante passo in avanti dal punto di vista legislativo con la creazione di una rete di supporto per le famiglie\u00bb.<\/p>\n\n\n\n<p>Apprezzamento per i consiglieri che hanno formulato le tre proposte di legge riunite nel Testo Unico ha espresso anche Emanuele Cera (Forza Italia): \u201c\u00c8 un importante passo in avanti per contrastare una malattia in costante aumento \u2013 ha affermato Cera \u2013 in Sardegna sono circa 10mila i pazienti, un terzo di questi si trova nell\u2019area Sassari-Olbia. L\u2019Isola \u00e8 la regione pi\u00f9 colpita in Europa con un caso ogni 46 abitanti. L\u2019incidenza della malattia ha messo a nudo i limiti del sistema e le difficolt\u00e0 incontrate dalle famiglie\u00bb. Il consigliere Cera ha poi ricordato alcuni casi di malasanit\u00e0 segnalati dalle famiglie con pazienti autistici: \u00abTra queste \u2013 ha ricordato \u2013 c\u2019\u00e8 la mancata apertura del Centro diurno di Nuoro, ultimato nel 2016 e ancora chiuso\u00bb.<\/p>\n\n\n\n<p>Anche per Antonio Piu (Progressisti) la legge rappresenta un aiuto importante per le famiglie. \u00abIl provvedimento serve a creare un futuro per i pazienti \u2013 ha detto Piu \u2013 il testo cita la scuola, il lavoro, le politiche abitative. Si punta a un equipe multidisciplinare per l\u2019assistenza ai soggetti autistici. Oggi solo chi ha una disponibilit\u00e0 economica riesce a dare risposte ai ragazzi. La legge che discutiamo d\u00e0 punti di riferimento alle associazioni che finora si sono fatte carico della cura dei pazienti. Le associazioni devono avere un ruolo centrale per l\u2019attuazione della legge\u00bb.<\/p>\n\n\n\n<p>Secondo Roberto Li Gioi (M5S): \u00abAiutare i pazienti autistici significa dargli la prospettiva di un futuro migliore \u2013 ha detto Li Gioi \u2013 oggi in Sardegna abbiamo un Centro di eccellenza, quello del Brotzu, che assiste circa 2500 persone. Ogni anno nascono nell\u2019Isola circa 70 bambini autistici. In futuro dovremo farci carico degli adulti che avranno bisogno di un\u2019assistenza altamente specializzata. L\u2019autismo \u00e8 un\u2019emergenza sanitaria e come tale va trattata\u00bb.<\/p>\n\n\n\n<p>Di testo \u201cmoderno\u201d e con \u201cspunti rilevanti\u201d ha parlato il capogruppo della Lega Pierluigi Saiu: \u00abUn aspetto da mettere in evidenza \u00e8 il riconoscimento del ruolo attivo dei familiari dei pazienti \u2013 ha rimarcato Saiu \u2013 il testo \u00e8 frutto di un lavoro condiviso che dar\u00e0 buoni frutti\u00bb.<\/p>\n\n\n\n<p>Daniele Cocco (Leu) ha invitato l\u2019Aula a vigilare sull\u2019attuazione della legge: \u00abOggi si certifica un\u2019emergenza sanitaria e sociale \u2013 ha detto Cocco \u2013 questo \u00e8 solo un primo passo. Ci sar\u00e0 bisogno di un lungo percorso per l\u2019attuazione della legge. Non si pu\u00f2 tollerare che i pazienti autistici e le loro famiglie vivano una vita sospesa. Occorre cambiare rotta, per questo motivo stiamo approvando questa norma\u201d.<\/p>\n\n\n\n<p>Il capogruppo dei Progressisti, Francesco Agus, ha ringraziato i proponenti delle proposte di legge e tutta l\u2019aula per la maturit\u00e0 dimostrata. \u00abParliamo di malattie trascurate che nella fase pandemica hanno dovuto affrontare grosse problematiche \u2013 ha detto Agus - si tratta di pazienti dimenticati di cui non si parla. Non \u00e8 un caso che questa legge sia stata calendarizzata a pochi giorni dalla scomparsa del professor Alessandro Zuddas. La sua figura mancher\u00e0 molto alla sanit\u00e0 sarda, in particolare a quei pazienti che ha seguito in questi anni\u00bb.<\/p>\n\n\n\n<p>A nome della Giunta ha preso la parola l\u2019assessore alla Sanit\u00e0 Mario Nieddu: \u201c\u00c8 vero \u2013 ha detto l\u2019esponente dell\u2019esecutivo - \u00e8 un provvedimento atteso che finalmente viene approvato. C\u2019\u00e8 bisogno per\u00f2 di fare un passo in avanti riportando ad unit\u00e0 le problematiche legate alle disabilit\u00e0. A livello nazionale \u00e8 stata approvata una legge quadro. Dobbiamo fare la stessa cosa in Sardegna \u2013 ha detto Nieddu \u2013 sono convinto che, vista la sensibilit\u00e0 dimostrata, il Consiglio riuscir\u00e0 ad approvare un provvedimento legislativo di ampio respiro. I contenuti presenti in questa legge possono essere applicati a tutti le disabilit\u00e0. Cominciate a ragionarci, solo cos\u00ec si potr\u00e0 contrastare la solitudine della disabilit\u00e0\u00bb.<\/p>\n\n\n\n<p>Il presidente Pais ha quindi messo in votazione il passaggio agli articoli che \u00e8 stato approvato. Si \u00e8 poi passati all\u2019esame degli articoli e dei relativi emendamenti.<\/p>\n\n\n\n<p>L\u2019Aula ha approvato l\u2019articolo 1 \u201cFinalit\u00e0\u201d e i relativi emendamenti che modificano alcuni parole e individuano puntualmente la copertura finanziaria per gli interventi previsti. Disco verde anche per l\u2019articolo 2 \u201cDefinizioni e destinatari\u201d. Sull\u2019articolo 3 \u201cCoordinamento regionale\u201d sono stati presentati alcuni emendamenti. Approvato l\u2019emendamento n.10 che prevede l\u2019intervento nel comitato di coordinamento regionale per il disturbo dello spettro autistico anche di un rappresentante del Plus.&nbsp;&nbsp;Voto favorevole anche per l\u2019emendamento n.16 che istituisce il registro regionale delle persone autistiche.<\/p>\n\n\n\n<p>L\u2019articolo 4 (Rete regionale integra) \u00e8 stato approvato dopo che \u00e8 stata rinviata a conclusione dell\u2019esame dell\u2019articolato, la votazione dell\u2019emendamento aggiuntivo n. 18 (Caddeo e pi\u00f9). Via libera all\u2019articolo 5 (Centro di riferimento specialistico regionale) ed anche all\u2019articolo 6 (Presa in carico globale e percorsi diagnostici, terapeutici e assistenziali) dopo il rinvio della votazione dell\u2019emendamento 15 (Pinna e pi\u00f9) a conclusione di uno scambio di vedute tra la presentatrice della proposta modificativa e l\u2019assessore della Salute, Mario Nieddu che ha chiesto una verifica sul rischio della sovrapposizione dei piani individuali finanziati con la legge 162.&nbsp; Approvati in successione e con distinte votazioni gli articoli 7 (Sostegno alla domiciliarit\u00e0, abitare assistito e strutture residenziali); 8 (Attivit\u00e0 di ricerca) e 9 (Inclusione sociale, scolastica e lavorativa). Approvato l\u2019emendamento aggiuntivo n. 14 (Li Gioi e pi\u00f9) per favorire le campagne di sensibilizzazione da parte della Regione, si si \u00e8 sviluppato un breve dibattito tra il presentatore dell\u2019emendamento&nbsp; n. 6, Eugenio Lai, l\u2019assessore del Lavoro, Alessandra Zedda,; il consigliere dei Progressisti, Loi;&nbsp; sull\u2019opportunit\u00e0 di introdurre, sulla scia dell\u2019esperienza della regione campana, la figura del Job Coach, ma al termine del confronto il consigliere dell\u2019opposizione ha annunciato il ritiro della proposta di modifica.<\/p>\n\n\n\n<p>Approvato l\u2019articolo 10 (Diritto al lavoro) e l\u2019articolo 11 (Formazione e aggiornamento) con l\u2019emendamento n.&nbsp; 13 (Caddeo e pi\u00f9) che introduce l\u2019articolo 11 bis \u201clinee guida\u201d (sono intervenuti a favore oltre alla presentatrice anche il capogruppo Lega, Saiu). Ritirato l\u2019emendamento n. 5 ed anche il n. 18, \u00e8 stato approvato l\u2019emendamento n. 17 (Loi e pi\u00f9) sulle equipe multidisciplinari ed anche l\u2019emendamento n. 15, con una precisazione richiesta dall\u2019assessore della Salute, Nieddu, a proposito dei piani individuali.<\/p>\n\n\n\n<p>Approvati quindi in successione e con distinte votazioni, l\u2019articolo 12 (norma finanziaria); 13 (clausola valutativa) e 14 (entrata in vigore), l\u2019Aula ha dato il via libera al testo di legge con votazione unanime: 46 favorevoli su 46 votanti.<\/p>\n\n\n\n<p>Approvato anche il rendiconto del Consiglio regionale, il presidente del Consiglio ha dichiarato conclusi i lavori. Il Consiglio sar\u00e0 convocato al domicilio. Com<\/p>\n","protected":false},"excerpt":{"rendered":"<p>Cagliari, 19 Lug 2022 &#8211; Sotto la presidenza del presidente Michele Pais il Consiglio regionale si \u00e8 riunito questa mattina per discutere la proposta di&#8230;<\/p>\n","protected":false},"author":2,"featured_media":211603,"comment_status":"closed","ping_status":"open","sticky":false,"template":"","format":"standard","meta":[],"categories":[49,52],"tags":[],"_links":{"self":[{"href":"https:\/\/www.cronacaonline.it\/index.php\/wp-json\/wp\/v2\/posts\/224538"}],"collection":[{"href":"https:\/\/www.cronacaonline.it\/index.php\/wp-json\/wp\/v2\/posts"}],"about":[{"href":"https:\/\/www.cronacaonline.it\/index.php\/wp-json\/wp\/v2\/types\/post"}],"author":[{"embeddable":true,"href":"https:\/\/www.cronacaonline.it\/index.php\/wp-json\/wp\/v2\/users\/2"}],"replies":[{"embeddable":true,"href":"https:\/\/www.cronacaonline.it\/index.php\/wp-json\/wp\/v2\/comments?post=224538"}],"version-history":[{"count":1,"href":"https:\/\/www.cronacaonline.it\/index.php\/wp-json\/wp\/v2\/posts\/224538\/revisions"}],"predecessor-version":[{"id":224539,"href":"https:\/\/www.cronacaonline.it\/index.php\/wp-json\/wp\/v2\/posts\/224538\/revisions\/224539"}],"wp:featuredmedia":[{"embeddable":true,"href":"https:\/\/www.cronacaonline.it\/index.php\/wp-json\/wp\/v2\/media\/211603"}],"wp:attachment":[{"href":"https:\/\/www.cronacaonline.it\/index.php\/wp-json\/wp\/v2\/media?parent=224538"}],"wp:term":[{"taxonomy":"category","embeddable":true,"href":"https:\/\/www.cronacaonline.it\/index.php\/wp-json\/wp\/v2\/categories?post=224538"},{"taxonomy":"post_tag","embeddable":true,"href":"https:\/\/www.cronacaonline.it\/index.php\/wp-json\/wp\/v2\/tags?post=224538"}],"curies":[{"name":"wp","href":"https:\/\/api.w.org\/{rel}","templated":true}]}}