{"id":224525,"date":"2022-07-19T13:19:24","date_gmt":"2022-07-19T11:19:24","guid":{"rendered":"https:\/\/www.cronacaonline.it\/?p=224525"},"modified":"2022-07-19T13:19:26","modified_gmt":"2022-07-19T11:19:26","slug":"vitivinicoltura-lassessore-murgia-patrimonio-economico-e-culturale-da-tutelare-la-regione-continua-a-investire-su-qualita-e-sostenibilita","status":"publish","type":"post","link":"https:\/\/www.cronacaonline.it\/index.php\/2022\/07\/19\/vitivinicoltura-lassessore-murgia-patrimonio-economico-e-culturale-da-tutelare-la-regione-continua-a-investire-su-qualita-e-sostenibilita\/","title":{"rendered":"Vitivinicoltura, l\u2019assessore Murgia: patrimonio economico e culturale da tutelare, la Regione continua a investire su qualit\u00e0 e sostenibilit\u00e0."},"content":{"rendered":"\n<p>Cagliari, 19 luglio 2022\u00a0- \u201cLa viticoltura e il vino costituiscono per la Sardegna un patrimonio, non solo economico, da tutelare e valorizzare negli aspetti di sostenibilit\u00e0 sociale, ambientale e culturale. La strategia della Regione per la nuova programmazione dei fondi comunitari 2023-2027 vuole confermare le risorse a sostegno del settore per rafforzare la competitivit\u00e0 delle aziende migliorando la qualit\u00e0 della produzione e incrementando la presenza dei vini italiani nei mercati esteri, favorendo l\u2019adozione di innovazioni, tecnologie e modelli di gestione in grado di coniugare la crescita economica con le urgenti necessit\u00e0 di protezione ambientale\u201d. Lo ha detto l\u2019assessore regionale dell\u2019Agricoltura, Gabriella Murgia, che oggi a Oristano ha partecipato a un convegno organizzato da Assoenologi dal titolo \u201cPrime analisi e previsioni sulla campagna vitivinicola 2022\u201d.<\/p>\n\n\n\n<p>In Sardegna, ha evidenziato l\u2019esponente della Giunta Sarda ricordando i numeri del comparto, sono presenti quasi 16mila aziende viticole e 1.287 aziende vinificatrici. Oltre un terzo della produzione enologica regionale \u00e8 rappresentato da vini di qualit\u00e0 dalle Dop, un valore significativo perch\u00e9 la Sardegna si colloca sopra la media delle regioni meridionali. L\u2019unica Docg e le 19 Doc contano circa il 65% del vino prodotto in Sardegna, mentre le IGP incidono per il 15% della produzione. Negli ultimi 10 anni il valore della produzione del settore vitivinicolo \u00e8 aumentato del 155%.<\/p>\n\n\n\n<p>\u201cSono tutti dati \u2013 sottolineato l\u2019assessore Murgia \u2013 che fanno capire l\u2019importanza del settore vitivinicolo in Sardegna e l\u2019incontro di oggi rappresenta un\u2019occasione per constatare il buono stato di salute del comparto, per fare il punto sui suoi scenari futuri, anche a breve termine, e per studiare e programmare nuove iniziative che garantiscano alle aziende e alle loro produzioni un costante monitoraggio quantitativo e qualitativo anche da un punto di vista fitosanitario e climatico\u201d.<\/p>\n\n\n\n<p>Con l\u2019attuale programmazione del Programma nazionale di sostegno del settore vino (Psnv 2019\/2023) che si concluder\u00e0 il 15 ottobre 2023 la Sardegna ha speso circa 70 milioni di euro di risorse comunitarie Feaga di cui il 60% per la Misura Ristrutturazione e riconversione dei vigneti (con una superficie vitata ristrutturata di circa 8.900 ettari) e il 30% per la Misura Investimenti. Com<\/p>\n","protected":false},"excerpt":{"rendered":"<p>Cagliari, 19 luglio 2022\u00a0&#8211; \u201cLa viticoltura e il vino costituiscono per la Sardegna un patrimonio, non solo economico, da tutelare e valorizzare negli aspetti di&#8230;<\/p>\n","protected":false},"author":2,"featured_media":224526,"comment_status":"closed","ping_status":"open","sticky":false,"template":"","format":"standard","meta":[],"categories":[49,52],"tags":[],"_links":{"self":[{"href":"https:\/\/www.cronacaonline.it\/index.php\/wp-json\/wp\/v2\/posts\/224525"}],"collection":[{"href":"https:\/\/www.cronacaonline.it\/index.php\/wp-json\/wp\/v2\/posts"}],"about":[{"href":"https:\/\/www.cronacaonline.it\/index.php\/wp-json\/wp\/v2\/types\/post"}],"author":[{"embeddable":true,"href":"https:\/\/www.cronacaonline.it\/index.php\/wp-json\/wp\/v2\/users\/2"}],"replies":[{"embeddable":true,"href":"https:\/\/www.cronacaonline.it\/index.php\/wp-json\/wp\/v2\/comments?post=224525"}],"version-history":[{"count":1,"href":"https:\/\/www.cronacaonline.it\/index.php\/wp-json\/wp\/v2\/posts\/224525\/revisions"}],"predecessor-version":[{"id":224527,"href":"https:\/\/www.cronacaonline.it\/index.php\/wp-json\/wp\/v2\/posts\/224525\/revisions\/224527"}],"wp:featuredmedia":[{"embeddable":true,"href":"https:\/\/www.cronacaonline.it\/index.php\/wp-json\/wp\/v2\/media\/224526"}],"wp:attachment":[{"href":"https:\/\/www.cronacaonline.it\/index.php\/wp-json\/wp\/v2\/media?parent=224525"}],"wp:term":[{"taxonomy":"category","embeddable":true,"href":"https:\/\/www.cronacaonline.it\/index.php\/wp-json\/wp\/v2\/categories?post=224525"},{"taxonomy":"post_tag","embeddable":true,"href":"https:\/\/www.cronacaonline.it\/index.php\/wp-json\/wp\/v2\/tags?post=224525"}],"curies":[{"name":"wp","href":"https:\/\/api.w.org\/{rel}","templated":true}]}}