{"id":224517,"date":"2022-07-19T13:11:43","date_gmt":"2022-07-19T11:11:43","guid":{"rendered":"https:\/\/www.cronacaonline.it\/?p=224517"},"modified":"2022-07-19T13:11:45","modified_gmt":"2022-07-19T11:11:45","slug":"idea-sardegna-sospende-appoggio-alla-giunta-finche-non-si-concludera-verifica-su-punti-programmatici","status":"publish","type":"post","link":"https:\/\/www.cronacaonline.it\/index.php\/2022\/07\/19\/idea-sardegna-sospende-appoggio-alla-giunta-finche-non-si-concludera-verifica-su-punti-programmatici\/","title":{"rendered":"Idea Sardegna sospende appoggio alla giunta finche&#8217; non si concluder\u00e0 verifica su punti programmatici."},"content":{"rendered":"\n<p>Cagliari, 19 Lug 2022\u00a0- Il Movimento politico \"Idea Sardegna Alleanza Civica Identitaria\", rappresentato dai consiglieri regionali Roberto Caredda, Carla Cuccu e Giovanni Antonio Satta, visto l'estenuante protrarsi della situazione di stallo della verifica politica in cui versa l'esecutivo regionale nonostante ci siano state precise rassicurazioni nelle varie riunioni di maggioranza di voler \u00a0procedere con celerit\u00e0 per dare impulso all'attivit\u00e0 \u00a0della giunta regionale, non supporter\u00e0 \u00a0pi\u00f9 l'azione della Giunta finch\u00e9 non verranno portate definitivamente a termine le attivit\u00e0 annunciate nell'individuare i punti prioritari delle linee programmatiche di fine legislatura e il potenziamento dell'esecutivo con figure di alto profilo per dare incisivit\u00e0 all'agire politico \u00a0nel dare risposte concrete alle esigenze del Popolo Sardo.<\/p>\n\n\n\n<p>Ci\u00f2 in virt\u00f9 del fatto che la situazione attuale della Sardegna, sempre pi\u00f9 allarmante, necessita di un Esecutivo capace di rispondere nell'immediatezza alle innumerevoli necessit\u00e0&nbsp;dei sardi in ambito sanitario, lavorativo, socio economico, ambientale, culturale ed imprenditoriale.<\/p>\n","protected":false},"excerpt":{"rendered":"<p>Cagliari, 19 Lug 2022\u00a0&#8211; Il Movimento politico &#8220;Idea Sardegna Alleanza Civica Identitaria&#8221;, rappresentato dai consiglieri regionali Roberto Caredda, Carla Cuccu e Giovanni Antonio Satta, visto&#8230;<\/p>\n","protected":false},"author":2,"featured_media":224518,"comment_status":"closed","ping_status":"open","sticky":false,"template":"","format":"standard","meta":[],"categories":[49,52],"tags":[],"_links":{"self":[{"href":"https:\/\/www.cronacaonline.it\/index.php\/wp-json\/wp\/v2\/posts\/224517"}],"collection":[{"href":"https:\/\/www.cronacaonline.it\/index.php\/wp-json\/wp\/v2\/posts"}],"about":[{"href":"https:\/\/www.cronacaonline.it\/index.php\/wp-json\/wp\/v2\/types\/post"}],"author":[{"embeddable":true,"href":"https:\/\/www.cronacaonline.it\/index.php\/wp-json\/wp\/v2\/users\/2"}],"replies":[{"embeddable":true,"href":"https:\/\/www.cronacaonline.it\/index.php\/wp-json\/wp\/v2\/comments?post=224517"}],"version-history":[{"count":1,"href":"https:\/\/www.cronacaonline.it\/index.php\/wp-json\/wp\/v2\/posts\/224517\/revisions"}],"predecessor-version":[{"id":224519,"href":"https:\/\/www.cronacaonline.it\/index.php\/wp-json\/wp\/v2\/posts\/224517\/revisions\/224519"}],"wp:featuredmedia":[{"embeddable":true,"href":"https:\/\/www.cronacaonline.it\/index.php\/wp-json\/wp\/v2\/media\/224518"}],"wp:attachment":[{"href":"https:\/\/www.cronacaonline.it\/index.php\/wp-json\/wp\/v2\/media?parent=224517"}],"wp:term":[{"taxonomy":"category","embeddable":true,"href":"https:\/\/www.cronacaonline.it\/index.php\/wp-json\/wp\/v2\/categories?post=224517"},{"taxonomy":"post_tag","embeddable":true,"href":"https:\/\/www.cronacaonline.it\/index.php\/wp-json\/wp\/v2\/tags?post=224517"}],"curies":[{"name":"wp","href":"https:\/\/api.w.org\/{rel}","templated":true}]}}