{"id":224515,"date":"2022-07-19T13:07:29","date_gmt":"2022-07-19T11:07:29","guid":{"rendered":"https:\/\/www.cronacaonline.it\/?p=224515"},"modified":"2022-07-19T13:07:31","modified_gmt":"2022-07-19T11:07:31","slug":"assessore-biancareddu-la-regione-realizzera-ad-oristano-e-sanluri-i-musei-della-sardegna-giudicale","status":"publish","type":"post","link":"https:\/\/www.cronacaonline.it\/index.php\/2022\/07\/19\/assessore-biancareddu-la-regione-realizzera-ad-oristano-e-sanluri-i-musei-della-sardegna-giudicale\/","title":{"rendered":"Assessore Biancareddu: la Regione realizzer\u00e0 ad Oristano e Sanluri i musei della Sardegna giudicale."},"content":{"rendered":"\n<p><strong>Cagliari, 19 luglio 2022 \u2013\u00a0<\/strong>Investire in cultura per valorizzare e rendere fruibile al pubblico il nostro immenso patrimonio storico. Con queste parole il Presidente della Regione annuncia che la Regione realizzer\u00e0 il Museo e centro di documentazione della Sardegna Giudicale, previsto nel \u201cSistema Regionale dei Musei. Piano di razionalizzazione e sviluppo.<\/p>\n\n\n\n<p>L\u2019Amministrazione regionale, in quanto soggetto titolare del futuro Museo, metter\u00e0 a disposizione le necessarie risorse da destinare alla realizzazione del museo e per le ulteriori opere che si renderanno necessarie per suo il funzionamento, con la forma di gestione pi\u00f9 idonea, che sar\u00e0 individuata in accordo con i partner istituzionali coinvolti.<\/p>\n\n\n\n<p>Confermata oltre alla sede di Palazzo Arcais ad Oristano anche quella di Sanluri, nell\u2019edificio ex Monte Granatico, in virt\u00f9 della sua vocazione culturale legata alla valorizzazione delle testimonianze dell'epoca medievale e del valore identitario per la civilt\u00e0 giudicale della Sardegna, in quanto esempio di borgo fortificato da mura e castello medioevali ed in considerazione del fatto che le sue campagne sono state teatro de Sa Battalla il 30 giugno del 1409.<\/p>\n\n\n\n<p>L'Accordo di Programma Quadro in materia di Beni Culturali ha destinato per la realizzazione del Museo Giudicale la somma di 3 milioni di euro.<\/p>\n\n\n\n<p>L\u2019Assessorato Regionale alla Cultura svolger\u00e0 il ruolo di coordinamento per garantire un efficace ed efficiente avanzamento della progettazione e della realizzazione degli interventi, mediante incontri periodici al fine di tenere costantemente aggiornate le parti coinvolte nella realizzazione di entrambe le sedi del museo.<\/p>\n\n\n\n<p>\u201cInoltre \u2013 dice l\u2019assessore Andrea Biancareddu - verr\u00e0 richiesto al Ministero della Cultura, in qualit\u00e0 di soggetto titolare del Museo, di confermare la disponibilit\u00e0 dei due relitti di barche di epoca giudicale rinvenuti nel corso degli scavi del porto antico di Olbia (conservati nei depositi della sede di Olbia della Soprintendenza per i beni archeologici di Sassari e Nuoro), da esporre, previo restauro, nella sede di Palazzo Arcais di Oristano\u201d. Com<\/p>\n","protected":false},"excerpt":{"rendered":"<p>Cagliari, 19 luglio 2022 \u2013\u00a0Investire in cultura per valorizzare e rendere fruibile al pubblico il nostro immenso patrimonio storico. Con queste parole il Presidente della&#8230;<\/p>\n","protected":false},"author":2,"featured_media":184604,"comment_status":"closed","ping_status":"open","sticky":false,"template":"","format":"standard","meta":[],"categories":[49,52],"tags":[],"_links":{"self":[{"href":"https:\/\/www.cronacaonline.it\/index.php\/wp-json\/wp\/v2\/posts\/224515"}],"collection":[{"href":"https:\/\/www.cronacaonline.it\/index.php\/wp-json\/wp\/v2\/posts"}],"about":[{"href":"https:\/\/www.cronacaonline.it\/index.php\/wp-json\/wp\/v2\/types\/post"}],"author":[{"embeddable":true,"href":"https:\/\/www.cronacaonline.it\/index.php\/wp-json\/wp\/v2\/users\/2"}],"replies":[{"embeddable":true,"href":"https:\/\/www.cronacaonline.it\/index.php\/wp-json\/wp\/v2\/comments?post=224515"}],"version-history":[{"count":1,"href":"https:\/\/www.cronacaonline.it\/index.php\/wp-json\/wp\/v2\/posts\/224515\/revisions"}],"predecessor-version":[{"id":224516,"href":"https:\/\/www.cronacaonline.it\/index.php\/wp-json\/wp\/v2\/posts\/224515\/revisions\/224516"}],"wp:featuredmedia":[{"embeddable":true,"href":"https:\/\/www.cronacaonline.it\/index.php\/wp-json\/wp\/v2\/media\/184604"}],"wp:attachment":[{"href":"https:\/\/www.cronacaonline.it\/index.php\/wp-json\/wp\/v2\/media?parent=224515"}],"wp:term":[{"taxonomy":"category","embeddable":true,"href":"https:\/\/www.cronacaonline.it\/index.php\/wp-json\/wp\/v2\/categories?post=224515"},{"taxonomy":"post_tag","embeddable":true,"href":"https:\/\/www.cronacaonline.it\/index.php\/wp-json\/wp\/v2\/tags?post=224515"}],"curies":[{"name":"wp","href":"https:\/\/api.w.org\/{rel}","templated":true}]}}