{"id":224513,"date":"2022-07-19T13:04:38","date_gmt":"2022-07-19T11:04:38","guid":{"rendered":"https:\/\/www.cronacaonline.it\/?p=224513"},"modified":"2022-07-19T13:04:41","modified_gmt":"2022-07-19T11:04:41","slug":"strage-di-via-damelio-il-presidente-della-sardegna-il-sacrificio-del-giudice-borsellino-di-emanuela-loi-e-degli-uomini-della-scorta-e-un-richiamo-costante-alla-legalita-e-ai-valor","status":"publish","type":"post","link":"https:\/\/www.cronacaonline.it\/index.php\/2022\/07\/19\/strage-di-via-damelio-il-presidente-della-sardegna-il-sacrificio-del-giudice-borsellino-di-emanuela-loi-e-degli-uomini-della-scorta-e-un-richiamo-costante-alla-legalita-e-ai-valor\/","title":{"rendered":"Strage di via d\u2019Amelio, il presidente della Sardegna: \u201cil sacrificio del giudice borsellino, di Emanuela Loi e degli uomini della scorta \u00e8 un richiamo costante alla legalit\u00e0 e ai valori della democrazia\u201d."},"content":{"rendered":"\n<p>Cagliari, 19 Lug 2022 \u2013\u00a0\u201cA 30 anni dalla strage di via D\u2019Amelio resta il ricordo vivo, palpabile, di Paolo Borsellino e degli agenti della sua scorta morti insieme a lui nell\u2019attentato, tra i quali la nostra conterranea cui Emanuela Loi, prima donna a far parte di una scorta e prima donna della Polizia di Stato a cadere in servizio. Quel giorno, il 19 luglio del 1992, l\u2019Italia non ha perso solo un grande magistrato, ma un uomo libero, un simbolo della legalit\u00e0 e della lotta alla criminalit\u00e0 organizzata che ha pagato con la vita la propria fedelt\u00e0 allo Stato. Insieme al suo ricordo oggi abbiamo il dovere di tenere vivo quello, a noi particolarmente caro, di Emanuela, figlia della nostra Terra eroicamente e incolpevolmente caduta in quello stesso giorno e in quello stesso istante\u201d. Cos\u00ec il Presidente della Regione Sardegna, nel commosso ricordo della figura del Giudice Borsellino, ucciso nell\u2019attentato di stampo terroristico-mafioso ad opera di Cosa Nostra, e della sua scorta.<\/p>\n\n\n\n<p>\u201cSono certo che il sacrificio di Emanuela e degli uomini della scorta non sia stato vano e anzi abbia contribuito a rafforzare sempre pi\u00f9 il sentimento collettivo di riconoscenza nei confronti delle Forze dell\u2019Ordine che quotidianamente si impegnano per tenere alto il senso di giustizia nel nostro Paese - ha proseguito il Presidente - La lezione di Paolo Borsellino e il coraggio della sua scorta devono rimanere vivi perch\u00e9 non pu\u00f2 esserci libert\u00e0 laddove cresce il seme del compromesso morale, dell\u2019illegalit\u00e0, della corruzione, dell\u2019indifferenza. Sono passati trent\u2019anni ma la ferita rimane aperta. Oggi pi\u00f9 che mai \u2013 ha concluso il Presidente - abbiamo il dovere di onorare la memoria di un grande magistrato, protagonista con Giovanni Falcone e altri valorosi magistrati, di una lotta tenace, rigorosa, incisiva contro la criminalit\u00e0 organizzata e, in particolare, contro la mafia\u201d. Com<\/p>\n","protected":false},"excerpt":{"rendered":"<p>Cagliari, 19 Lug 2022 \u2013\u00a0\u201cA 30 anni dalla strage di via D\u2019Amelio resta il ricordo vivo, palpabile, di Paolo Borsellino e degli agenti della sua&#8230;<\/p>\n","protected":false},"author":2,"featured_media":165935,"comment_status":"closed","ping_status":"open","sticky":false,"template":"","format":"standard","meta":[],"categories":[49,52],"tags":[],"_links":{"self":[{"href":"https:\/\/www.cronacaonline.it\/index.php\/wp-json\/wp\/v2\/posts\/224513"}],"collection":[{"href":"https:\/\/www.cronacaonline.it\/index.php\/wp-json\/wp\/v2\/posts"}],"about":[{"href":"https:\/\/www.cronacaonline.it\/index.php\/wp-json\/wp\/v2\/types\/post"}],"author":[{"embeddable":true,"href":"https:\/\/www.cronacaonline.it\/index.php\/wp-json\/wp\/v2\/users\/2"}],"replies":[{"embeddable":true,"href":"https:\/\/www.cronacaonline.it\/index.php\/wp-json\/wp\/v2\/comments?post=224513"}],"version-history":[{"count":1,"href":"https:\/\/www.cronacaonline.it\/index.php\/wp-json\/wp\/v2\/posts\/224513\/revisions"}],"predecessor-version":[{"id":224514,"href":"https:\/\/www.cronacaonline.it\/index.php\/wp-json\/wp\/v2\/posts\/224513\/revisions\/224514"}],"wp:featuredmedia":[{"embeddable":true,"href":"https:\/\/www.cronacaonline.it\/index.php\/wp-json\/wp\/v2\/media\/165935"}],"wp:attachment":[{"href":"https:\/\/www.cronacaonline.it\/index.php\/wp-json\/wp\/v2\/media?parent=224513"}],"wp:term":[{"taxonomy":"category","embeddable":true,"href":"https:\/\/www.cronacaonline.it\/index.php\/wp-json\/wp\/v2\/categories?post=224513"},{"taxonomy":"post_tag","embeddable":true,"href":"https:\/\/www.cronacaonline.it\/index.php\/wp-json\/wp\/v2\/tags?post=224513"}],"curies":[{"name":"wp","href":"https:\/\/api.w.org\/{rel}","templated":true}]}}