{"id":224461,"date":"2022-07-18T17:23:43","date_gmt":"2022-07-18T15:23:43","guid":{"rendered":"https:\/\/www.cronacaonline.it\/?p=224461"},"modified":"2022-07-18T17:23:47","modified_gmt":"2022-07-18T15:23:47","slug":"consiglio-sardegna-commissioni-il-calendario-della-settimana-22","status":"publish","type":"post","link":"https:\/\/www.cronacaonline.it\/index.php\/2022\/07\/18\/consiglio-sardegna-commissioni-il-calendario-della-settimana-22\/","title":{"rendered":"Consiglio Sardegna &#8211; Commissioni: il calendario della settimana."},"content":{"rendered":"\n<p>Cagliari, 18 Lug 2022 \u2013 Compatibilmente con l\u2019attivit\u00e0 del Consiglio, riprender\u00e0 da domani (marted\u00ec 19 luglio) anche quelle delle commissioni consiliari permanenti.<\/p>\n\n\n\n<p>Domani alle 10.30 si riunir\u00e0 la commissione Ambiente presieduta da Giuseppe Talanas (Forza Italia). All\u2019ordine del giorno l\u2019audizione del presidente di Anci Sardegna sulla campagna antincendi 2022 e la discussione del Testo unico sulla disciplina riguardante l\u2019assegnazione degli alloggi di edilizia pubblica. I lavori continueranno anche nel pomeriggio a partire dalle 16.00.<\/p>\n\n\n\n<p>Gioved\u00ec alle 10.30, inoltre, seduta della commissione Sanit\u00e0, Politiche sociali e Sport, presieduta da Antonio Mario Mundula (Fdi).&nbsp; L\u2019assessore dello Sport Andrea Biancareddu illustrer\u00e0 il programma annuale di ripartizione delle risorse regionali per lo sviluppo dello sport.<\/p>\n\n\n\n<p>La commissione esaminer\u00e0 anche alcuni testi di legge: Pl 196 (Istituzione del titolo di \u201cAssociazione sportiva storica della Sardegna\u201d), Pl 189-201-202 (Norme in materia di caregiver), e Pl 13 (Norme integrate in materia di adozioni ed affidi). Com<\/p>\n","protected":false},"excerpt":{"rendered":"<p>Cagliari, 18 Lug 2022 \u2013 Compatibilmente con l\u2019attivit\u00e0 del Consiglio, riprender\u00e0 da domani (marted\u00ec 19 luglio) anche quelle delle commissioni consiliari permanenti. Domani alle 10.30&#8230;<\/p>\n","protected":false},"author":2,"featured_media":192513,"comment_status":"closed","ping_status":"open","sticky":false,"template":"","format":"standard","meta":[],"categories":[49,52],"tags":[],"_links":{"self":[{"href":"https:\/\/www.cronacaonline.it\/index.php\/wp-json\/wp\/v2\/posts\/224461"}],"collection":[{"href":"https:\/\/www.cronacaonline.it\/index.php\/wp-json\/wp\/v2\/posts"}],"about":[{"href":"https:\/\/www.cronacaonline.it\/index.php\/wp-json\/wp\/v2\/types\/post"}],"author":[{"embeddable":true,"href":"https:\/\/www.cronacaonline.it\/index.php\/wp-json\/wp\/v2\/users\/2"}],"replies":[{"embeddable":true,"href":"https:\/\/www.cronacaonline.it\/index.php\/wp-json\/wp\/v2\/comments?post=224461"}],"version-history":[{"count":1,"href":"https:\/\/www.cronacaonline.it\/index.php\/wp-json\/wp\/v2\/posts\/224461\/revisions"}],"predecessor-version":[{"id":224462,"href":"https:\/\/www.cronacaonline.it\/index.php\/wp-json\/wp\/v2\/posts\/224461\/revisions\/224462"}],"wp:featuredmedia":[{"embeddable":true,"href":"https:\/\/www.cronacaonline.it\/index.php\/wp-json\/wp\/v2\/media\/192513"}],"wp:attachment":[{"href":"https:\/\/www.cronacaonline.it\/index.php\/wp-json\/wp\/v2\/media?parent=224461"}],"wp:term":[{"taxonomy":"category","embeddable":true,"href":"https:\/\/www.cronacaonline.it\/index.php\/wp-json\/wp\/v2\/categories?post=224461"},{"taxonomy":"post_tag","embeddable":true,"href":"https:\/\/www.cronacaonline.it\/index.php\/wp-json\/wp\/v2\/tags?post=224461"}],"curies":[{"name":"wp","href":"https:\/\/api.w.org\/{rel}","templated":true}]}}