{"id":224374,"date":"2022-07-15T18:49:29","date_gmt":"2022-07-15T16:49:29","guid":{"rendered":"https:\/\/www.cronacaonline.it\/?p=224374"},"modified":"2022-07-15T18:49:32","modified_gmt":"2022-07-15T16:49:32","slug":"ambiente-tappa-sarda-a-cagliari-di-goletta-verde-assessore-lampis-i-nostri-ambienti-costieri-sono-tra-i-migliori-al-mondo-monito-ai-turisti-a-non-depredare-le-nostre-coste","status":"publish","type":"post","link":"https:\/\/www.cronacaonline.it\/index.php\/2022\/07\/15\/ambiente-tappa-sarda-a-cagliari-di-goletta-verde-assessore-lampis-i-nostri-ambienti-costieri-sono-tra-i-migliori-al-mondo-monito-ai-turisti-a-non-depredare-le-nostre-coste\/","title":{"rendered":"Ambiente: tappa sarda a Cagliari di goletta verde. Assessore Lampis, i nostri ambienti costieri sono tra i migliori al mondo. Monito ai turisti a non depredare le nostre coste."},"content":{"rendered":"\n<p>Cagliari, 15 Lug 2022 \u2013\u00a0La tutela della biodiversit\u00e0, le aree marine protette e turismo sostenibile per una Sardegna pi\u00f9 blu e per la tutela degli ecosistemi e delle specie ritenute a rischio. Goletta Verde di Legambiente ha fatto tappa a Cagliari, con la prima tappa sarda per la premiazione dei comprensori sardi insigniti delle 5 vele della Guida Blu di Legambiente. Presente alla manifestazione l\u2019Assessore regionale della Difesa dell\u2019Ambiente, Gianni Lampis.<\/p>\n\n\n\n<p>\u201cInsieme a Legambiente abbiamo ospitato a Cagliari una tappa di Goletta Verde che come ogni anno fa il giro dei litorali costieri italiani per rappresentare la raccomandazione ed il monito alle Istituzioni di mettere in campo tutte le azioni necessarie a tutelare gli ambienti costieri e la qualit\u00e0 delle nostre acque. Questa \u00e8 anche l\u2019occasione - ha proseguito Lampis -&nbsp;&nbsp;per consegnare la bandiera delle 5 vele a cinque realt\u00e0 sarde importanti di cui Baunei \u00e8 la prima in Italia a dimostrazione di come anche i nostri ambienti costieri possano essere attrattori turistici importanti, di qualit\u00e0 e veicoli per affermare uno sviluppo economico sostenibile con l\u2019ambiente. Fra le valenze ambientali pi\u00f9 importanti in Sardegna in ambito costiero non possiamo dimenticare le Aree Marine protette che rappresentano certamente un presidio importante di tutela e di valorizzazione di biodiversit\u00e0. E\u2019 importante poi - ha proseguito ancora l\u2019assessore Lampis -&nbsp;&nbsp;trasferire ai turisti un messaggio chiaro. In Sardegna possono trovare qualche cosa che altrove non c\u2019\u00e8.&nbsp;&nbsp;Il nostro patrimonio marino e ambientale \u00e8 certamente unico nel mondo. \u201c<\/p>\n\n\n\n<p>\u201cQuando si parla di tutela delle nostre coste non possiamo dimenticare la raccomandazione a chi decide di venire a farci visita che i comportamenti corretti e responsabili sono alla base di una convivenza con il nostro habitat e per questo \u00e8 importante evitare di trafugare ci\u00f2 che \u00e8 presente in spiaggia come la sabbia le pietre o le conchiglie. Tutto ci\u00f2 che rappresenta un patrimonio naturalistico deve restare dove madre natura ha deciso di lasciare\u201d.&nbsp;<\/p>\n","protected":false},"excerpt":{"rendered":"<p>Cagliari, 15 Lug 2022 \u2013\u00a0La tutela della biodiversit\u00e0, le aree marine protette e turismo sostenibile per una Sardegna pi\u00f9 blu e per la tutela degli&#8230;<\/p>\n","protected":false},"author":2,"featured_media":224375,"comment_status":"closed","ping_status":"open","sticky":false,"template":"","format":"standard","meta":[],"categories":[49,52],"tags":[],"_links":{"self":[{"href":"https:\/\/www.cronacaonline.it\/index.php\/wp-json\/wp\/v2\/posts\/224374"}],"collection":[{"href":"https:\/\/www.cronacaonline.it\/index.php\/wp-json\/wp\/v2\/posts"}],"about":[{"href":"https:\/\/www.cronacaonline.it\/index.php\/wp-json\/wp\/v2\/types\/post"}],"author":[{"embeddable":true,"href":"https:\/\/www.cronacaonline.it\/index.php\/wp-json\/wp\/v2\/users\/2"}],"replies":[{"embeddable":true,"href":"https:\/\/www.cronacaonline.it\/index.php\/wp-json\/wp\/v2\/comments?post=224374"}],"version-history":[{"count":1,"href":"https:\/\/www.cronacaonline.it\/index.php\/wp-json\/wp\/v2\/posts\/224374\/revisions"}],"predecessor-version":[{"id":224376,"href":"https:\/\/www.cronacaonline.it\/index.php\/wp-json\/wp\/v2\/posts\/224374\/revisions\/224376"}],"wp:featuredmedia":[{"embeddable":true,"href":"https:\/\/www.cronacaonline.it\/index.php\/wp-json\/wp\/v2\/media\/224375"}],"wp:attachment":[{"href":"https:\/\/www.cronacaonline.it\/index.php\/wp-json\/wp\/v2\/media?parent=224374"}],"wp:term":[{"taxonomy":"category","embeddable":true,"href":"https:\/\/www.cronacaonline.it\/index.php\/wp-json\/wp\/v2\/categories?post=224374"},{"taxonomy":"post_tag","embeddable":true,"href":"https:\/\/www.cronacaonline.it\/index.php\/wp-json\/wp\/v2\/tags?post=224374"}],"curies":[{"name":"wp","href":"https:\/\/api.w.org\/{rel}","templated":true}]}}