{"id":224347,"date":"2022-07-15T11:20:37","date_gmt":"2022-07-15T09:20:37","guid":{"rendered":"https:\/\/www.cronacaonline.it\/?p=224347"},"modified":"2022-07-15T11:20:40","modified_gmt":"2022-07-15T09:20:40","slug":"via-alla-prima-commissione-regionale-sullendometriosi-lassessore-nieddu-mantenuti-gli-impegni-con-le-tante-donne-della-nostra-isola-che-soffrono-a-causa-di-questa-terribil","status":"publish","type":"post","link":"https:\/\/www.cronacaonline.it\/index.php\/2022\/07\/15\/via-alla-prima-commissione-regionale-sullendometriosi-lassessore-nieddu-mantenuti-gli-impegni-con-le-tante-donne-della-nostra-isola-che-soffrono-a-causa-di-questa-terribil\/","title":{"rendered":"Via alla prima commissione regionale sull\u2019endometriosi, l\u2019assessore Nieddu: \u201cmantenuti gli impegni con le tante donne della nostra isola che soffrono a causa di questa terribile malattia\u201d."},"content":{"rendered":"\n<p>Cagliari, 15 Lug 2022\u00a0\u2013 Nasce in Sardegna la prima Commissione regionale sull\u2019endometriosi. La Giunta Solinas, su proposta dell\u2019assessore della Sanit\u00e0, Mario Nieddu, ha deliberato la costituzione del tavolo tecnico che mette insieme le istituzioni, i professionisti del panorama sanitario con esperienza nel campo dell\u2019endometriosi e i rappresentanti delle associazioni dei pazienti.<\/p>\n\n\n\n<p>\u201cA quasi otto anni dall\u2019approvazione della legge regionale che ha previsto l\u2019istituzione della Commissione sull\u2019endometriosi abbiamo dato finalmente un segnale importante e concreto alle tante donne che soffrono a causa di una malattia insidiosa sul piano sanitario e sociale\u201d, dichiara l\u2019assessore Nieddu.<\/p>\n\n\n\n<p>La Commissione avr\u00e0 il compito di predisporre le linee guida per il percorso diagnostico terapeutico multidisciplinare e per il controllo periodico delle donne affette da endometriosi, elaborare programmi per la formazione e l\u2019aggiornamento dei medici e per l\u2019informazione delle pazienti e individuare azioni per la prevenzione delle complicanze della malattia, in particolare nei luoghi di lavoro.<\/p>\n\n\n\n<p>\u201cL\u2019endometriosi \u00e8 una malattia cronica e complessa, originata dalla presenza anomala del tessuto che riveste la parete interna dell\u2019utero e altri organi, provocando dolore, infiammazioni croniche e infertilit\u00e0\u201d, precisa l\u2019assessore, ricordando che in Italia questa patologia colpisce il 10% delle donne in et\u00e0 riproduttiva. \u201cStiamo mantenendo l\u2019impegno preso con le tante pazienti della nostra Isola. Ora la commissione \u2013 prosegue l\u2019assessore \u2013 potr\u00e0 finalmente iniziare a lavorare per raggiungere obiettivi importanti e migliorare cos\u00ec la qualit\u00e0 della vita di tante donne\u201d.<\/p>\n\n\n\n<p>Dieci, complessivamente, i componenti della Commissione sull\u2019endometriosi. Oltre al direttore generale dell\u2019assessorato della Sanit\u00e0 (o il suo delegato), fanno parte del tavolo Antonio Maccio (ginecologo dell\u2019Universit\u00e0 di Cagliari), Marco Petrillo (ginecologo dell\u2019Universit\u00e0 di Sassari), Francesca Lai (medico di medicina generale), Roberto Pietri (consultorio, Asl 2 di Sassari), Raffaele Sechi (Chirurgia, Asl 8), Raffaele Mereu (Urologia, Asl 6), Federica Miculan (Endoscopia, Asl 5), Michela Piras (Radiologia, Asl 4), Elvira Multineddu (psicologa, Asl 2), Serena Isoni (nutrizionista, Asl 3), Francesca Perella (Inail), Elia Lai (Inps), Piero Berritta (Assessorato regionale del Lavoro), Silvia Schiff (associazione \u201cLa voce di una \u00e8 la voce di tutti\u201d), Giovanna Maria Tomasi (associazione \u201cIl Mercatino dei sogni\u201d) e Paoletta Zolo (Commissione regionale pari opportunit\u00e0). Com<\/p>\n","protected":false},"excerpt":{"rendered":"<p>Cagliari, 15 Lug 2022\u00a0\u2013 Nasce in Sardegna la prima Commissione regionale sull\u2019endometriosi. La Giunta Solinas, su proposta dell\u2019assessore della Sanit\u00e0, Mario Nieddu, ha deliberato la&#8230;<\/p>\n","protected":false},"author":2,"featured_media":218466,"comment_status":"closed","ping_status":"open","sticky":false,"template":"","format":"standard","meta":[],"categories":[49,52],"tags":[],"_links":{"self":[{"href":"https:\/\/www.cronacaonline.it\/index.php\/wp-json\/wp\/v2\/posts\/224347"}],"collection":[{"href":"https:\/\/www.cronacaonline.it\/index.php\/wp-json\/wp\/v2\/posts"}],"about":[{"href":"https:\/\/www.cronacaonline.it\/index.php\/wp-json\/wp\/v2\/types\/post"}],"author":[{"embeddable":true,"href":"https:\/\/www.cronacaonline.it\/index.php\/wp-json\/wp\/v2\/users\/2"}],"replies":[{"embeddable":true,"href":"https:\/\/www.cronacaonline.it\/index.php\/wp-json\/wp\/v2\/comments?post=224347"}],"version-history":[{"count":1,"href":"https:\/\/www.cronacaonline.it\/index.php\/wp-json\/wp\/v2\/posts\/224347\/revisions"}],"predecessor-version":[{"id":224348,"href":"https:\/\/www.cronacaonline.it\/index.php\/wp-json\/wp\/v2\/posts\/224347\/revisions\/224348"}],"wp:featuredmedia":[{"embeddable":true,"href":"https:\/\/www.cronacaonline.it\/index.php\/wp-json\/wp\/v2\/media\/218466"}],"wp:attachment":[{"href":"https:\/\/www.cronacaonline.it\/index.php\/wp-json\/wp\/v2\/media?parent=224347"}],"wp:term":[{"taxonomy":"category","embeddable":true,"href":"https:\/\/www.cronacaonline.it\/index.php\/wp-json\/wp\/v2\/categories?post=224347"},{"taxonomy":"post_tag","embeddable":true,"href":"https:\/\/www.cronacaonline.it\/index.php\/wp-json\/wp\/v2\/tags?post=224347"}],"curies":[{"name":"wp","href":"https:\/\/api.w.org\/{rel}","templated":true}]}}