{"id":224284,"date":"2022-07-13T17:04:40","date_gmt":"2022-07-13T15:04:40","guid":{"rendered":"https:\/\/www.cronacaonline.it\/?p=224284"},"modified":"2022-07-13T17:04:43","modified_gmt":"2022-07-13T15:04:43","slug":"anticendio-il-presidente-pais-i-capigruppo-e-lassessore-lampis-incontrano-una-delegazione-dei-volontari-della-protezione-civile-e-i-barracelli","status":"publish","type":"post","link":"https:\/\/www.cronacaonline.it\/index.php\/2022\/07\/13\/anticendio-il-presidente-pais-i-capigruppo-e-lassessore-lampis-incontrano-una-delegazione-dei-volontari-della-protezione-civile-e-i-barracelli\/","title":{"rendered":"Anticendio: il Presidente Pais, i Capigruppo e l\u2019Assessore Lampis incontrano una delegazione dei Volontari della Protezione civile e i Barracelli."},"content":{"rendered":"\n<p>Cagliari, 13 luglio 2022 - Stato di agitazione sospeso in attesa che sia individuato il percorso pi\u00f9 idoneo a revocare il bando della Regione che di fatto \u201cesternalizza\u201d il servizio integrativo del pattugliamento nelle strade in funzione antincendio.\u00a0<\/p>\n\n\n\n<p>La decisione \u00e8 stata annunciata al termine dell\u2019incontro di questa mattina tra il Presidente del Consiglio regionale Michele Pais, i Capigruppo, l\u2019assessore regionale all\u2019ambiente Gianni Lampis e una delegazione dei Volontari della Protezione civile e i Barracelli.&nbsp;<\/p>\n\n\n\n<p>La delegazione ha spiegato ancora una volta i motivi della protesta: I volontari della protezione civile e i barracelli \u2013 hanno detto -&nbsp; cos\u00ec come dichiarato dal Presidente sardo, chiedono la revoca del bando della Regione, un bando da cui siamo stati esclusi.<\/p>\n\n\n\n<p>I volontari e i barracelli hanno chiesto al Presidente del Consiglio Pais di fare da garante perch\u00e9 si individui nel pi\u00f9 breve tempo possibile la procedura per la revoca del bando.<\/p>\n\n\n\n<p>Il Presidente Pais ha ringraziato per la fiducia ricordando per\u00f2 che la volont\u00e0 di trovare una soluzione esiste, \u00e8 univoca ed \u00e8 quella che \u00e8 stata tracciata dal Presidente della Sardegna che si \u00e8 immediatamente dimostrato sensibile al tema: \u201cDomani nella Conferenza dei Presidenti dei gruppi valuteremo come fare. L\u2019impegno \u00e8 quello del coinvolgimento e della condivisione massima\u201d.&nbsp;&nbsp;&nbsp;&nbsp;<\/p>\n\n\n\n<p>L\u2019assessore all\u2019ambiente Lampis ha dichiarato che il bando non aveva certo l\u2019obiettivo di sminuire il grande e decisivo ruolo del volontariato e dei barracelli.<\/p>\n\n\n\n<p>I capigruppo dell\u2019opposizione hanno chiesto all\u2019assessore Lampis chiarimenti sulla effettiva revoca del bando che prevede l\u2019affido ai privati del pattugliamento delle strade.<\/p>\n\n\n\n<p>L\u2019assessore ha risposto che per la materiale revoca del bando \u00e8 necessario un Disegno di legge, che la giunta potrebbe&nbsp;&nbsp; gi\u00e0 approvare in serata, che dovrebbe poi avere il via libera da parte del Consiglio regionale. Ma si valuta la percorribilit\u00e0 tecnica anche di una delibera di giunta come richiesto dai capigruppo di opposizione.<\/p>\n\n\n\n<p>\u201cLa volont\u00e0 \u00e8 chiara, unica e inequivocabile \u2013 ha detto il Presidente Pais \u2013 verso il coinvolgimento e condivisione di tutte le strutture operative del sistema regionale che concorrono alla campagna antincendi boschivi, di cui il mondo del volontariato \u00e8 una parte preziosa e insostituibile. Ora si tratta solo di individuare il procedimento necessario e pi\u00f9 agile per definire la decisione assunta unanimemente\u201d. Com<\/p>\n","protected":false},"excerpt":{"rendered":"<p>Cagliari, 13 luglio 2022 &#8211; Stato di agitazione sospeso in attesa che sia individuato il percorso pi\u00f9 idoneo a revocare il bando della Regione che&#8230;<\/p>\n","protected":false},"author":2,"featured_media":177874,"comment_status":"closed","ping_status":"open","sticky":false,"template":"","format":"standard","meta":[],"categories":[49,52],"tags":[],"_links":{"self":[{"href":"https:\/\/www.cronacaonline.it\/index.php\/wp-json\/wp\/v2\/posts\/224284"}],"collection":[{"href":"https:\/\/www.cronacaonline.it\/index.php\/wp-json\/wp\/v2\/posts"}],"about":[{"href":"https:\/\/www.cronacaonline.it\/index.php\/wp-json\/wp\/v2\/types\/post"}],"author":[{"embeddable":true,"href":"https:\/\/www.cronacaonline.it\/index.php\/wp-json\/wp\/v2\/users\/2"}],"replies":[{"embeddable":true,"href":"https:\/\/www.cronacaonline.it\/index.php\/wp-json\/wp\/v2\/comments?post=224284"}],"version-history":[{"count":1,"href":"https:\/\/www.cronacaonline.it\/index.php\/wp-json\/wp\/v2\/posts\/224284\/revisions"}],"predecessor-version":[{"id":224285,"href":"https:\/\/www.cronacaonline.it\/index.php\/wp-json\/wp\/v2\/posts\/224284\/revisions\/224285"}],"wp:featuredmedia":[{"embeddable":true,"href":"https:\/\/www.cronacaonline.it\/index.php\/wp-json\/wp\/v2\/media\/177874"}],"wp:attachment":[{"href":"https:\/\/www.cronacaonline.it\/index.php\/wp-json\/wp\/v2\/media?parent=224284"}],"wp:term":[{"taxonomy":"category","embeddable":true,"href":"https:\/\/www.cronacaonline.it\/index.php\/wp-json\/wp\/v2\/categories?post=224284"},{"taxonomy":"post_tag","embeddable":true,"href":"https:\/\/www.cronacaonline.it\/index.php\/wp-json\/wp\/v2\/tags?post=224284"}],"curies":[{"name":"wp","href":"https:\/\/api.w.org\/{rel}","templated":true}]}}