{"id":224275,"date":"2022-07-13T14:49:38","date_gmt":"2022-07-13T12:49:38","guid":{"rendered":"https:\/\/www.cronacaonline.it\/?p=224275"},"modified":"2022-07-13T14:49:40","modified_gmt":"2022-07-13T12:49:40","slug":"turismo-nasce-il-cammino-di-santefisio-assessore-chessa-allinterno-di-una-proposta-unitaria-dei-cammini-per-consolidare-la-valorizzazione-del-patrimonio","status":"publish","type":"post","link":"https:\/\/www.cronacaonline.it\/index.php\/2022\/07\/13\/turismo-nasce-il-cammino-di-santefisio-assessore-chessa-allinterno-di-una-proposta-unitaria-dei-cammini-per-consolidare-la-valorizzazione-del-patrimonio\/","title":{"rendered":"Turismo, nasce il \u2018cammino di Sant\u2019Efisio\u2019. Assessore Chessa: \u2018all\u2019interno di una proposta unitaria dei cammini per consolidare la valorizzazione del patrimonio isolano\u2019. Dal 4 all\u20198 ottobre l\u2019evento \u201cnoi camminiamo in Sardegna\u201d."},"content":{"rendered":"\n<p>Cagliari, 13 Lug 2022\u00a0\u2013 \u201cIl turismo lento e sostenibile, arricchito da cultura e spiritualit\u00e0, natura e benessere, senso di comunit\u00e0 e accoglienza, \u00e8 un segmento importante della proposta turistica della Regione, che da alcuni anni punta su una proposta unitaria e strutturata dei \u2018Cammini di Sardegna\u2019. In questo contesto si inserisce la nascita e la valorizzazione del Cammino di Sant\u2019Efisio\u201d. Lo ha detto\u00a0l\u2019assessore regionale\u00a0del Turismo, Gianni Chessa, durante la conferenza sul turismo culturale-religioso\u00a0che si \u00e8 svolta\u00a0nella sala business center dell\u2019Aeroporto di Elmas-Cagliari.<\/p>\n\n\n\n<p>\u201cIl progetto dell\u2019Assessorato del Turismo, in piena sintonia con la Conferenza episcopale sarda, la Diocesi di Cagliari, l\u2019Arciconfraternita di Sant\u2019Efisio e le cinque Amministrazioni comunali coinvolte nel Cammino, \u00e8 giunto alla fase decisiva \u2013 ha aggiunto l\u2019assessore Chessa \u2013 L\u2019obiettivo \u00e8 quello di arrivare entro ottobre a definire un \u2018itinerario devozionale\u2019, condiviso dalle parti ecclesiastiche e istituzionali, lungo il suggestivo percorso di pellegrinaggio che si snoda da Cagliari sino alla chiesetta romanica della spiaggia di Nora, luogo del martirio, con tappe intermedie a Capoterra, Sarroch, Villa San Pietro e Pula. Puntiamo a definire una proposta di itinerario e sperimentare la prima \u2018camminata\u2019 in occasione della \u2018Settimana dei Cammini\u2019, in programma dal 4 all\u20198 ottobre 2022 e denominata \u201cNoi camminiamo in Sardegna\u201d, evento destinato a promuovere l\u2019Isola come 'terra di cammini' nello scenario nazionale e internazionale. Sperimentato l\u2019itinerario, si passer\u00e0 alla fase del governo con la costituzione della Fondazione del Cammino di Sant\u2019Efisio\u201d.&nbsp;<\/p>\n\n\n\n<p>Per la predisposizione dell\u2019itinerario, con la definizione dei chilometri e delle tappe nel rispetto dei parametri nazionali, verr\u00e0 creato un tavolo di lavoro istituzionale tra Diocesi, Arciconfraternita e Comuni, con il coordinamento dell\u2019Assessorato regionale del Turismo. Sar\u00e0 un itinerario, fruibile tutto l\u2019anno e in sicurezza, differente rispetto a quello percorso durante la tradizionale processione, ma sempre nel rispetto di punti, valori materiali e immateriali espressi dal culto del Santo: partendo da Cagliari si incontrer\u00e0 il villaggio dei pescatori di Giorgino, poi il litorale di La Maddalena spiaggia e la dimora storica di Villa d\u2019Orri a Capoterra; si prosegue nei territori di Sarroch, Villa San Pietro e Pula, concludendo nel luogo del martirio del Santo, la millenaria chiesa di Sant\u2019Efisio, nella spiaggia di Nora, accanto alle rovine della citt\u00e0 romana.<\/p>\n\n\n\n<p>\u201cGrazie anche al protocollo d\u2019intesa per la valorizzazione e promozione del turismo culturale-religioso firmato con la Conferenza episcopale sarda, abbiamo la possibilit\u00e0 di proporre un ampio progetto, comprendente \u2018cammini religiosi\u2019, \u2018destinazioni di pellegrinaggio\u2019, \u2018luoghi francescani\u2019 e&nbsp;'itinerari spirituali', capace di offrire un\u2019esperienza intima, di coniugare le dimensioni spirituale e culturale in alcuni centri caratterizzati da profonda devozione. Un modo concreto per&nbsp;rilanciare e consolidare la valorizzazione del patrimonio isolano e l\u2019offerta di un turismo di qualit\u00e0\u201d, ha concluso l\u2019esponente della Giunta sarda. Com<\/p>\n","protected":false},"excerpt":{"rendered":"<p>Cagliari, 13 Lug 2022\u00a0\u2013 \u201cIl turismo lento e sostenibile, arricchito da cultura e spiritualit\u00e0, natura e benessere, senso di comunit\u00e0 e accoglienza, \u00e8 un segmento&#8230;<\/p>\n","protected":false},"author":2,"featured_media":224276,"comment_status":"closed","ping_status":"open","sticky":false,"template":"","format":"standard","meta":[],"categories":[49,52],"tags":[],"_links":{"self":[{"href":"https:\/\/www.cronacaonline.it\/index.php\/wp-json\/wp\/v2\/posts\/224275"}],"collection":[{"href":"https:\/\/www.cronacaonline.it\/index.php\/wp-json\/wp\/v2\/posts"}],"about":[{"href":"https:\/\/www.cronacaonline.it\/index.php\/wp-json\/wp\/v2\/types\/post"}],"author":[{"embeddable":true,"href":"https:\/\/www.cronacaonline.it\/index.php\/wp-json\/wp\/v2\/users\/2"}],"replies":[{"embeddable":true,"href":"https:\/\/www.cronacaonline.it\/index.php\/wp-json\/wp\/v2\/comments?post=224275"}],"version-history":[{"count":1,"href":"https:\/\/www.cronacaonline.it\/index.php\/wp-json\/wp\/v2\/posts\/224275\/revisions"}],"predecessor-version":[{"id":224277,"href":"https:\/\/www.cronacaonline.it\/index.php\/wp-json\/wp\/v2\/posts\/224275\/revisions\/224277"}],"wp:featuredmedia":[{"embeddable":true,"href":"https:\/\/www.cronacaonline.it\/index.php\/wp-json\/wp\/v2\/media\/224276"}],"wp:attachment":[{"href":"https:\/\/www.cronacaonline.it\/index.php\/wp-json\/wp\/v2\/media?parent=224275"}],"wp:term":[{"taxonomy":"category","embeddable":true,"href":"https:\/\/www.cronacaonline.it\/index.php\/wp-json\/wp\/v2\/categories?post=224275"},{"taxonomy":"post_tag","embeddable":true,"href":"https:\/\/www.cronacaonline.it\/index.php\/wp-json\/wp\/v2\/tags?post=224275"}],"curies":[{"name":"wp","href":"https:\/\/api.w.org\/{rel}","templated":true}]}}