{"id":224237,"date":"2022-07-12T15:10:28","date_gmt":"2022-07-12T13:10:28","guid":{"rendered":"https:\/\/www.cronacaonline.it\/?p=224237"},"modified":"2022-07-12T15:10:31","modified_gmt":"2022-07-12T13:10:31","slug":"regione-assessore-satta-le-graduatorie-laore-e-aspal-sono-unopportunita-per-risolvere-le-carenze-di-organico","status":"publish","type":"post","link":"https:\/\/www.cronacaonline.it\/index.php\/2022\/07\/12\/regione-assessore-satta-le-graduatorie-laore-e-aspal-sono-unopportunita-per-risolvere-le-carenze-di-organico\/","title":{"rendered":"Regione, assessore Satta: \u2018le graduatorie Laore e Aspal sono un\u2019opportunit\u00e0 per risolvere le carenze di organico\u2019."},"content":{"rendered":"\n<p>Cagliari, 12 Lug 2022\u00a0\u2013 \u201cNella graduatoria degli idonei, generata dall\u2019ultimo concorso pubblico bandito da Laore, ci sono\u00a0professionisti con ampia esperienza e conoscenza, da tempo a contatto con le realt\u00e0 territoriali dell\u2019Isola di cui conoscono a fondo le problematiche e le esigenze, costituendo una risorsa fondamentale per la Regione Sardegna\u201d.<\/p>\n\n\n\n<p>Lo ha detto l\u2019assessore regionale del Personale, Valeria Satta, durante l\u2019audizione nelle Prima Commissione del Consiglio regionale sul tema dello scorrimento delle graduatorie degli idonei dell\u2019agenzia regionale Laore. \u201cStesso discorso vale per la graduatoria Aspal, quasi esaurita \u2013 ha aggiunto l\u2019assessore Satta \u2013 Dopo aver ripreso, a distanza di 15 anni, i concorsi in Regione, faremo il possibile, compatibilmente con le regole dettate dalla normativa vigente, affinch\u00e9 le carenze di organico siano risolte attingendo dalle graduatorie. Cos\u00ec come gi\u00e0 previsto anche nel piano del fabbisogno approvato, sia l\u2019anno scorso che quest\u2019anno. Anche nel rispetto dell\u2019ordine del giorno approvato in Consiglio regionale, con il quale si impegna la Giunta regionale, nei limiti delle risorse disponibili<\/p>\n","protected":false},"excerpt":{"rendered":"<p>Cagliari, 12 Lug 2022\u00a0\u2013 \u201cNella graduatoria degli idonei, generata dall\u2019ultimo concorso pubblico bandito da Laore, ci sono\u00a0professionisti con ampia esperienza e conoscenza, da tempo a&#8230;<\/p>\n","protected":false},"author":2,"featured_media":220440,"comment_status":"closed","ping_status":"open","sticky":false,"template":"","format":"standard","meta":[],"categories":[49,52],"tags":[],"_links":{"self":[{"href":"https:\/\/www.cronacaonline.it\/index.php\/wp-json\/wp\/v2\/posts\/224237"}],"collection":[{"href":"https:\/\/www.cronacaonline.it\/index.php\/wp-json\/wp\/v2\/posts"}],"about":[{"href":"https:\/\/www.cronacaonline.it\/index.php\/wp-json\/wp\/v2\/types\/post"}],"author":[{"embeddable":true,"href":"https:\/\/www.cronacaonline.it\/index.php\/wp-json\/wp\/v2\/users\/2"}],"replies":[{"embeddable":true,"href":"https:\/\/www.cronacaonline.it\/index.php\/wp-json\/wp\/v2\/comments?post=224237"}],"version-history":[{"count":1,"href":"https:\/\/www.cronacaonline.it\/index.php\/wp-json\/wp\/v2\/posts\/224237\/revisions"}],"predecessor-version":[{"id":224238,"href":"https:\/\/www.cronacaonline.it\/index.php\/wp-json\/wp\/v2\/posts\/224237\/revisions\/224238"}],"wp:featuredmedia":[{"embeddable":true,"href":"https:\/\/www.cronacaonline.it\/index.php\/wp-json\/wp\/v2\/media\/220440"}],"wp:attachment":[{"href":"https:\/\/www.cronacaonline.it\/index.php\/wp-json\/wp\/v2\/media?parent=224237"}],"wp:term":[{"taxonomy":"category","embeddable":true,"href":"https:\/\/www.cronacaonline.it\/index.php\/wp-json\/wp\/v2\/categories?post=224237"},{"taxonomy":"post_tag","embeddable":true,"href":"https:\/\/www.cronacaonline.it\/index.php\/wp-json\/wp\/v2\/tags?post=224237"}],"curies":[{"name":"wp","href":"https:\/\/api.w.org\/{rel}","templated":true}]}}