{"id":224192,"date":"2022-07-11T16:53:46","date_gmt":"2022-07-11T14:53:46","guid":{"rendered":"https:\/\/www.cronacaonline.it\/?p=224192"},"modified":"2022-07-11T16:53:48","modified_gmt":"2022-07-11T14:53:48","slug":"gruppo-pd-a-volte-ci-ripensano-e-meno-male-bene-il-ritiro-del-bando-antincendio","status":"publish","type":"post","link":"https:\/\/www.cronacaonline.it\/index.php\/2022\/07\/11\/gruppo-pd-a-volte-ci-ripensano-e-meno-male-bene-il-ritiro-del-bando-antincendio\/","title":{"rendered":"Gruppo PD: a volte ci ripensano e meno male. Bene il ritiro del Bando Antincendio."},"content":{"rendered":"\n<p>Cagliari, 11 Lug 2022 - Il Bando antincendio tanto criticato dalla minoranza in CR e cos\u00ec fortemente avversato dai volontari delle associazioni di protezione civile, dalle compagnie barracellari e perfino da parte della maggioranza \u00e8 stato ritirato. Ci possiamo dire soddisfatti, non fosse che il Presidente Solinas, dopo aver tentato il colpo gobbo ai danni delle compagnie barracellari e delle associazioni di volontariato di protezione civile, ma in sostanza ai danni di tutti i sardi, revoca il bando e attacca coloro che gli hanno fatto notare la gravit\u00e0 della scelta di esternalizzare un servizio gi\u00e0 svolto da barracelli e volontari. La cosa stride fortemente con la realt\u00e0 dei fatti e manifesta, per l\u2019ennesima volta l\u2019incapacit\u00e0 di questa Giunta a programmare per tempo attivit\u00e0 e servizi.<\/p>\n\n\n\n<p>La Legge 17 da cui il bando incriminato prendeva l\u2019abbrivio non autorizzava ad alcuna esternalizzazione e, di pi\u00f9 il bando esce in piena stagione degli incendi, 26 solo ieri e tutti sanno, a parte i geni della giunta che gli incendi sono notoriamente un fenomeno estivo e che una efficace campagna antincendi deve essere programmata per tempo, ancor pi\u00f9 se sperimentale. Le risorse, circa 1,5 milioni di euro, ben potevano essere dedicate al potenziamento dei mezzi in uso ai barracelli e volontari, ritenuti dallo stesso Assessore della Difesa dell'Ambiente inadeguati e obsoleti.<\/p>\n\n\n\n<p>Lo sconcerto \u00e8 leggere le dichiarazioni del Presidente, che attacca quanti hanno giustamente alzato la voce per l\u2019ennesimo esempio di incapacit\u00e0 a governare. Ci riteniamo comunque soddisfatti del ravvedimento del Presidente Solinas e attendiamo l'arrivo in Consiglio dell'annunciato nuovo provvedimento per la valutazione dell'effettiva efficacia. Com<\/p>\n","protected":false},"excerpt":{"rendered":"<p>Cagliari, 11 Lug 2022 &#8211; Il Bando antincendio tanto criticato dalla minoranza in CR e cos\u00ec fortemente avversato dai volontari delle associazioni di protezione civile,&#8230;<\/p>\n","protected":false},"author":2,"featured_media":7831,"comment_status":"closed","ping_status":"open","sticky":false,"template":"","format":"standard","meta":[],"categories":[52],"tags":[],"_links":{"self":[{"href":"https:\/\/www.cronacaonline.it\/index.php\/wp-json\/wp\/v2\/posts\/224192"}],"collection":[{"href":"https:\/\/www.cronacaonline.it\/index.php\/wp-json\/wp\/v2\/posts"}],"about":[{"href":"https:\/\/www.cronacaonline.it\/index.php\/wp-json\/wp\/v2\/types\/post"}],"author":[{"embeddable":true,"href":"https:\/\/www.cronacaonline.it\/index.php\/wp-json\/wp\/v2\/users\/2"}],"replies":[{"embeddable":true,"href":"https:\/\/www.cronacaonline.it\/index.php\/wp-json\/wp\/v2\/comments?post=224192"}],"version-history":[{"count":1,"href":"https:\/\/www.cronacaonline.it\/index.php\/wp-json\/wp\/v2\/posts\/224192\/revisions"}],"predecessor-version":[{"id":224193,"href":"https:\/\/www.cronacaonline.it\/index.php\/wp-json\/wp\/v2\/posts\/224192\/revisions\/224193"}],"wp:featuredmedia":[{"embeddable":true,"href":"https:\/\/www.cronacaonline.it\/index.php\/wp-json\/wp\/v2\/media\/7831"}],"wp:attachment":[{"href":"https:\/\/www.cronacaonline.it\/index.php\/wp-json\/wp\/v2\/media?parent=224192"}],"wp:term":[{"taxonomy":"category","embeddable":true,"href":"https:\/\/www.cronacaonline.it\/index.php\/wp-json\/wp\/v2\/categories?post=224192"},{"taxonomy":"post_tag","embeddable":true,"href":"https:\/\/www.cronacaonline.it\/index.php\/wp-json\/wp\/v2\/tags?post=224192"}],"curies":[{"name":"wp","href":"https:\/\/api.w.org\/{rel}","templated":true}]}}