{"id":224098,"date":"2022-07-08T18:33:01","date_gmt":"2022-07-08T16:33:01","guid":{"rendered":"https:\/\/www.cronacaonline.it\/?p=224098"},"modified":"2022-07-08T18:33:05","modified_gmt":"2022-07-08T16:33:05","slug":"bando-antincendio-assessore-lampis-nessuna-privatizzazione-del-pattugliamento-stradale-bensi-un-servizio-sperimentale-che-si-e-reso-necessario-per-questa-stagione","status":"publish","type":"post","link":"https:\/\/www.cronacaonline.it\/index.php\/2022\/07\/08\/bando-antincendio-assessore-lampis-nessuna-privatizzazione-del-pattugliamento-stradale-bensi-un-servizio-sperimentale-che-si-e-reso-necessario-per-questa-stagione\/","title":{"rendered":"Bando antincendio, assessore Lampis: \u2018nessuna privatizzazione del pattugliamento stradale, bens\u00ec un servizio sperimentale che si \u00e8 reso necessario per questa stagione\u2019."},"content":{"rendered":"\n<p>Cagliari, 8 Lug 2022\u00a0\u2013 \u201cNon c\u2019\u00e8 alcuna intenzione di privatizzare il servizio del pattugliamento stradale nell\u2019ambito della campagna antincendi, molto pi\u00f9 semplicemente \u00e8 la soluzione per una necessit\u00e0 che si \u00e8 creata nella prevenzione e nella lotta contro gli incendi boschivi\u201d. Lo ha detto l\u2019assessore regionale della Difesa dell\u2019Ambiente, Gianni Lampis, in risposta alle polemiche sul bando\u00a0pubblicato nei giorni scorsi per l\u2019affidamento del servizio di pattugliamento stradale.<br>\u201cIl bando nasce\u00a0per rafforzare la capacit\u00e0 operativa delle strutture regionali,\u00a0per la prevenzione e la lotta attiva agli incendi boschivi, attivando un pattugliamento lungo le strade statali e provinciali maggiormente esposte \u2013 ha aggiunto l\u2019assessore Lampis \u2013 Si tratta di un progetto sperimentale per il 2022, che abbiamo inizialmente pensato di affidare al mondo del volontariato, ma ci siamo resi conto, anche in virt\u00f9 delle loro segnalazioni, che non possiedono mezzi adeguati e che quelli acquistati dalla Regione, con uno stanziamento di 10 milioni di euro, per essere assegnati alle organizzazioni non potranno, a causa della complicata situazione internazionale, arrivare in tempo utile per questa campagna antincendio. Inoltre, non \u00e8 stato possibile reperirli neanche attraverso il noleggio e ovviamente non potevamo rinunciare ad assicurare il servizio del pattugliamento, cos\u00ec da garantire\u00a0i migliori livelli di efficienza dei servizi per la sicurezza della comunit\u00e0 e del patrimonio boschivo isolano\u201d.<\/p>\n\n\n\n<p>\u201cSiamo certi che prima della prossima campagna antincendio avremo a disposizione i nuovi mezzi e che quindi potremo assegnarli alle organizzazioni di volontariato, determinando che il servizio di pattugliamento stradale possa rientrare tra i loro compiti. Le associazioni possono stare tranquille, non ci dimentichiamo della loro fondamentale azione anche nell\u2019ambito della&nbsp;lotta agli incendi&nbsp;e il riconoscimento del loro ruolo da parte della Regione \u00e8 ampiamente dimostrato anche dagli stanziamenti a favore del mondo del volontariato (quasi 2 milioni di euro per&nbsp;acquisto e manutenzione di mezzi, materiali, attrezzature, equipaggiamenti)&nbsp;e dall\u2019impegno a reperire ulteriori fondi necessari per la copertura delle esigenze\u201d, ha concluso l\u2019esponente della Giunta sarda. Com<\/p>\n","protected":false},"excerpt":{"rendered":"<p>Cagliari, 8 Lug 2022\u00a0\u2013 \u201cNon c\u2019\u00e8 alcuna intenzione di privatizzare il servizio del pattugliamento stradale nell\u2019ambito della campagna antincendi, molto pi\u00f9 semplicemente \u00e8 la soluzione&#8230;<\/p>\n","protected":false},"author":2,"featured_media":209223,"comment_status":"closed","ping_status":"open","sticky":false,"template":"","format":"standard","meta":[],"categories":[49,52],"tags":[],"_links":{"self":[{"href":"https:\/\/www.cronacaonline.it\/index.php\/wp-json\/wp\/v2\/posts\/224098"}],"collection":[{"href":"https:\/\/www.cronacaonline.it\/index.php\/wp-json\/wp\/v2\/posts"}],"about":[{"href":"https:\/\/www.cronacaonline.it\/index.php\/wp-json\/wp\/v2\/types\/post"}],"author":[{"embeddable":true,"href":"https:\/\/www.cronacaonline.it\/index.php\/wp-json\/wp\/v2\/users\/2"}],"replies":[{"embeddable":true,"href":"https:\/\/www.cronacaonline.it\/index.php\/wp-json\/wp\/v2\/comments?post=224098"}],"version-history":[{"count":1,"href":"https:\/\/www.cronacaonline.it\/index.php\/wp-json\/wp\/v2\/posts\/224098\/revisions"}],"predecessor-version":[{"id":224099,"href":"https:\/\/www.cronacaonline.it\/index.php\/wp-json\/wp\/v2\/posts\/224098\/revisions\/224099"}],"wp:featuredmedia":[{"embeddable":true,"href":"https:\/\/www.cronacaonline.it\/index.php\/wp-json\/wp\/v2\/media\/209223"}],"wp:attachment":[{"href":"https:\/\/www.cronacaonline.it\/index.php\/wp-json\/wp\/v2\/media?parent=224098"}],"wp:term":[{"taxonomy":"category","embeddable":true,"href":"https:\/\/www.cronacaonline.it\/index.php\/wp-json\/wp\/v2\/categories?post=224098"},{"taxonomy":"post_tag","embeddable":true,"href":"https:\/\/www.cronacaonline.it\/index.php\/wp-json\/wp\/v2\/tags?post=224098"}],"curies":[{"name":"wp","href":"https:\/\/api.w.org\/{rel}","templated":true}]}}