{"id":224087,"date":"2022-07-08T14:30:00","date_gmt":"2022-07-08T12:30:00","guid":{"rendered":"https:\/\/www.cronacaonline.it\/?p=224087"},"modified":"2022-07-08T14:30:03","modified_gmt":"2022-07-08T12:30:03","slug":"antincendio-assessore-lampis-accolte-le-segnalazioni-del-mondo-agricolo-previste-deroghe-alle-prescrizioni-regionali","status":"publish","type":"post","link":"https:\/\/www.cronacaonline.it\/index.php\/2022\/07\/08\/antincendio-assessore-lampis-accolte-le-segnalazioni-del-mondo-agricolo-previste-deroghe-alle-prescrizioni-regionali\/","title":{"rendered":"Antincendio, assessore Lampis: \u2018accolte le segnalazioni del mondo agricolo, previste deroghe alle prescrizioni regionali\u2019."},"content":{"rendered":"\n<p>Cagliari, 8 Lug 2022\u00a0\u2013 \u201cLo scorso 2 maggio, la Giunta regionale ha approvato l\u2019aggiornamento per il 2022 delle Prescrizioni regionali antincendio. Dopo alcune segnalazioni dei rappresentanti del mondo agricolo, abbiamo deciso di integrarle prevedendo alcune deroghe che possano facilitare l\u2019attivit\u00e0 nelle campagne\u201d. Lo ha detto l'assessore regionale della Difesa dell'Ambiente, Gianni Lampis, con delega in materia di protezione civile, dopo l\u2019approvazione della delibera che ha stabilito nuove deroghe alle Prescrizioni antincendio.<\/p>\n\n\n\n<p>\u201cLe istanze ricevute \u2013 ha spiegato l\u2019assessore Lampis \u2013 riguardavano il sistema dei consorzi di bonifica nello svolgimento delle attivit\u00e0 di manutenzione, riparazione e ripristino delle reti consortili e delle aree di propria pertinenza nelle giornate in codice arancione e rosso. Infatti, questi interventi, rivestendo carattere di urgenza, hanno la necessit\u00e0 di essere svolti con immediatezza e senza dover attendere l'esito di procedure autorizzative, che mal si conciliano con il loro carattere di \u2018pronto intervento\u2019. Inoltre, era stato rappresentato anche l'inconveniente derivante dal divieto dell'uso delle falciatrici, mietitrebbie e simili nelle giornate in cui \u00e8 prevista una pericolosit\u00e0 con codice arancione. Perci\u00f2, si \u00e8 deciso di prevedere deroghe nelle giornate con codice arancione per gli interventi di rispristino delle reti dei consorzi di bonifica, per i lavori inderogabili di prevenzione incendi e per il completamento della trebbiatura del frumento, durante la quale dovr\u00e0 essere garantita la presenza di una riserva idrica di almeno 200 litri e di un estintore\u201d. Com<\/p>\n","protected":false},"excerpt":{"rendered":"<p>Cagliari, 8 Lug 2022\u00a0\u2013 \u201cLo scorso 2 maggio, la Giunta regionale ha approvato l\u2019aggiornamento per il 2022 delle Prescrizioni regionali antincendio. Dopo alcune segnalazioni dei&#8230;<\/p>\n","protected":false},"author":2,"featured_media":177874,"comment_status":"closed","ping_status":"open","sticky":false,"template":"","format":"standard","meta":[],"categories":[49,52],"tags":[],"_links":{"self":[{"href":"https:\/\/www.cronacaonline.it\/index.php\/wp-json\/wp\/v2\/posts\/224087"}],"collection":[{"href":"https:\/\/www.cronacaonline.it\/index.php\/wp-json\/wp\/v2\/posts"}],"about":[{"href":"https:\/\/www.cronacaonline.it\/index.php\/wp-json\/wp\/v2\/types\/post"}],"author":[{"embeddable":true,"href":"https:\/\/www.cronacaonline.it\/index.php\/wp-json\/wp\/v2\/users\/2"}],"replies":[{"embeddable":true,"href":"https:\/\/www.cronacaonline.it\/index.php\/wp-json\/wp\/v2\/comments?post=224087"}],"version-history":[{"count":1,"href":"https:\/\/www.cronacaonline.it\/index.php\/wp-json\/wp\/v2\/posts\/224087\/revisions"}],"predecessor-version":[{"id":224088,"href":"https:\/\/www.cronacaonline.it\/index.php\/wp-json\/wp\/v2\/posts\/224087\/revisions\/224088"}],"wp:featuredmedia":[{"embeddable":true,"href":"https:\/\/www.cronacaonline.it\/index.php\/wp-json\/wp\/v2\/media\/177874"}],"wp:attachment":[{"href":"https:\/\/www.cronacaonline.it\/index.php\/wp-json\/wp\/v2\/media?parent=224087"}],"wp:term":[{"taxonomy":"category","embeddable":true,"href":"https:\/\/www.cronacaonline.it\/index.php\/wp-json\/wp\/v2\/categories?post=224087"},{"taxonomy":"post_tag","embeddable":true,"href":"https:\/\/www.cronacaonline.it\/index.php\/wp-json\/wp\/v2\/tags?post=224087"}],"curies":[{"name":"wp","href":"https:\/\/api.w.org\/{rel}","templated":true}]}}