{"id":224017,"date":"2022-07-07T07:48:36","date_gmt":"2022-07-07T05:48:36","guid":{"rendered":"https:\/\/www.cronacaonline.it\/?p=224017"},"modified":"2022-07-07T07:48:37","modified_gmt":"2022-07-07T05:48:37","slug":"vertenza-tassisti-una-delegazione-ricevuta-dai-capigruppo","status":"publish","type":"post","link":"https:\/\/www.cronacaonline.it\/index.php\/2022\/07\/07\/vertenza-tassisti-una-delegazione-ricevuta-dai-capigruppo\/","title":{"rendered":"Vertenza tassisti: una delegazione ricevuta dai Capigruppo."},"content":{"rendered":"\n<p>Cagliari, 6 Lug 2022 -\u00a0 Un ordine del giorno unitario e condiviso con la Giunta per dare sostegno alla categoria dei tassisti in lotta per evitare la liberalizzazione prevista nel DDL \u201cconcorrenza\u201d che deregolamenter\u00e0 il comparto.<\/p>\n\n\n\n<p>&nbsp;L\u2019odg sar\u00e0 portato all\u2019attenzione della prossima seduta del Consiglio regionale.<\/p>\n\n\n\n<p>&nbsp;Lo ha assicurato ieri il Presidente Michele Pais al termine dell\u2019incontro che si \u00e8 tenuto questa mattina tra una delegazione di tassisti, la vice Presidente della Regione Alessandra Zedda e i Capigruppo.<\/p>\n\n\n\n<p>Ancora una volta la delegazione ha lanciato un grido d\u2019allarme per la grave situazione che si creer\u00e0 in Sardegna dove 620 tassisti sardi rischiano di non poter pi\u00f9 lavorare. I tassisti, sottolineando che la categoria ha sempre puntato sulla qualit\u00e0 del servizio, ha chiesto aiuto al Consiglio e alla Giunta per sensibilizzare il Governo nazionale e far stralciare l\u2019articolo 10 del DDL. Com<\/p>\n","protected":false},"excerpt":{"rendered":"<p>Cagliari, 6 Lug 2022 &#8211;\u00a0 Un ordine del giorno unitario e condiviso con la Giunta per dare sostegno alla categoria dei tassisti in lotta per&#8230;<\/p>\n","protected":false},"author":2,"featured_media":192512,"comment_status":"closed","ping_status":"open","sticky":false,"template":"","format":"standard","meta":[],"categories":[49,52],"tags":[],"_links":{"self":[{"href":"https:\/\/www.cronacaonline.it\/index.php\/wp-json\/wp\/v2\/posts\/224017"}],"collection":[{"href":"https:\/\/www.cronacaonline.it\/index.php\/wp-json\/wp\/v2\/posts"}],"about":[{"href":"https:\/\/www.cronacaonline.it\/index.php\/wp-json\/wp\/v2\/types\/post"}],"author":[{"embeddable":true,"href":"https:\/\/www.cronacaonline.it\/index.php\/wp-json\/wp\/v2\/users\/2"}],"replies":[{"embeddable":true,"href":"https:\/\/www.cronacaonline.it\/index.php\/wp-json\/wp\/v2\/comments?post=224017"}],"version-history":[{"count":1,"href":"https:\/\/www.cronacaonline.it\/index.php\/wp-json\/wp\/v2\/posts\/224017\/revisions"}],"predecessor-version":[{"id":224018,"href":"https:\/\/www.cronacaonline.it\/index.php\/wp-json\/wp\/v2\/posts\/224017\/revisions\/224018"}],"wp:featuredmedia":[{"embeddable":true,"href":"https:\/\/www.cronacaonline.it\/index.php\/wp-json\/wp\/v2\/media\/192512"}],"wp:attachment":[{"href":"https:\/\/www.cronacaonline.it\/index.php\/wp-json\/wp\/v2\/media?parent=224017"}],"wp:term":[{"taxonomy":"category","embeddable":true,"href":"https:\/\/www.cronacaonline.it\/index.php\/wp-json\/wp\/v2\/categories?post=224017"},{"taxonomy":"post_tag","embeddable":true,"href":"https:\/\/www.cronacaonline.it\/index.php\/wp-json\/wp\/v2\/tags?post=224017"}],"curies":[{"name":"wp","href":"https:\/\/api.w.org\/{rel}","templated":true}]}}