{"id":224009,"date":"2022-07-06T18:00:53","date_gmt":"2022-07-06T16:00:53","guid":{"rendered":"https:\/\/www.cronacaonline.it\/?p=224009"},"modified":"2022-07-06T18:00:55","modified_gmt":"2022-07-06T16:00:55","slug":"ambiente-danni-causati-dalla-fauna-selvatica-assessore-lampis-scrive-alle-province-risarcire-anche-gli-operatori-agricoli-hobbisti","status":"publish","type":"post","link":"https:\/\/www.cronacaonline.it\/index.php\/2022\/07\/06\/ambiente-danni-causati-dalla-fauna-selvatica-assessore-lampis-scrive-alle-province-risarcire-anche-gli-operatori-agricoli-hobbisti\/","title":{"rendered":"Ambiente, danni causati dalla fauna selvatica. Assessore Lampis scrive alle province: \u2018risarcire anche gli operatori agricoli hobbisti\u201d."},"content":{"rendered":"\n<p>Cagliari, 6 Lug 2022 \u2013 \u201cDal 2006, la competenza per il pagamento degli indennizzi per i danni provocati dalla fauna selvatica alle produzioni agricole \u00e8 stata trasferita alle Province e, considerate le criticit\u00e0 nella gestione, abbiamo deciso di fornire alcuni indirizzi affinch\u00e9 sia possibile risarcire anche gli operatori agricoli cosiddetti hobbisti\u201d. Lo ha detto l\u2019assessore regionale della Difesa dell'ambiente, Gianni Lampis, che ha inviato una lettera alla Citt\u00e0 metropolitana di Cagliari, alle Province del Sud Sardegna, Oristano, Nuoro e Sassari, chiedendo l\u2019integrazione o la modifica dei regolamenti, cos\u00ec da poter indennizzare anche gli agricoltori non professionali, nel limite del 15%, coi fondi gi\u00e0 trasferiti dalla Regione e, qualora le richieste di indennizzo fossero superiori allo stanziamento, di procedere alla ripartizione proporzionale della somma disponibile.<\/p>\n\n\n\n<p>Attualmente, nei regolamenti delle Province \u00e8 stabilito di risarcire solo le imprese agricole danneggiate dalla fauna selvatica e non si fa riferimento ad altri privati che esercitassero regolari attivit\u00e0 agricole: \u201cPer\u00f2 \u2013 ha aggiunto l\u2019assessore Lampis \u2013 in Sardegna esiste una forte radicazione dei valori legati alle pratiche agricole, anche quando vengono svolte per la propria sussistenza o pi\u00f9 semplicemente come attivit\u00e0 hobbistica. Perci\u00f2, la scelta di indennizzare i soli professionali determina alcune criticit\u00e0, infatti il mancato accoglimento delle domande di risarcimento non pone in salvo l'Amministrazione regionale da eventuali azioni risarcitorie e i danni cagionati dalla fauna selvatica alimentano le argomentazioni \u2018popolari\u2019 a favore di deprecabili episodi di bracconaggio che, nel recente passato, si sono verificate con modalit\u00e0 estremamente dannose per la fauna e per l'ambiente\u201d. Com<\/p>\n","protected":false},"excerpt":{"rendered":"<p>Cagliari, 6 Lug 2022 \u2013 \u201cDal 2006, la competenza per il pagamento degli indennizzi per i danni provocati dalla fauna selvatica alle produzioni agricole \u00e8&#8230;<\/p>\n","protected":false},"author":2,"featured_media":222200,"comment_status":"closed","ping_status":"open","sticky":false,"template":"","format":"standard","meta":[],"categories":[49,52],"tags":[],"_links":{"self":[{"href":"https:\/\/www.cronacaonline.it\/index.php\/wp-json\/wp\/v2\/posts\/224009"}],"collection":[{"href":"https:\/\/www.cronacaonline.it\/index.php\/wp-json\/wp\/v2\/posts"}],"about":[{"href":"https:\/\/www.cronacaonline.it\/index.php\/wp-json\/wp\/v2\/types\/post"}],"author":[{"embeddable":true,"href":"https:\/\/www.cronacaonline.it\/index.php\/wp-json\/wp\/v2\/users\/2"}],"replies":[{"embeddable":true,"href":"https:\/\/www.cronacaonline.it\/index.php\/wp-json\/wp\/v2\/comments?post=224009"}],"version-history":[{"count":1,"href":"https:\/\/www.cronacaonline.it\/index.php\/wp-json\/wp\/v2\/posts\/224009\/revisions"}],"predecessor-version":[{"id":224010,"href":"https:\/\/www.cronacaonline.it\/index.php\/wp-json\/wp\/v2\/posts\/224009\/revisions\/224010"}],"wp:featuredmedia":[{"embeddable":true,"href":"https:\/\/www.cronacaonline.it\/index.php\/wp-json\/wp\/v2\/media\/222200"}],"wp:attachment":[{"href":"https:\/\/www.cronacaonline.it\/index.php\/wp-json\/wp\/v2\/media?parent=224009"}],"wp:term":[{"taxonomy":"category","embeddable":true,"href":"https:\/\/www.cronacaonline.it\/index.php\/wp-json\/wp\/v2\/categories?post=224009"},{"taxonomy":"post_tag","embeddable":true,"href":"https:\/\/www.cronacaonline.it\/index.php\/wp-json\/wp\/v2\/tags?post=224009"}],"curies":[{"name":"wp","href":"https:\/\/api.w.org\/{rel}","templated":true}]}}